{"id":9956,"date":"2025-06-30T13:34:44","date_gmt":"2025-06-30T16:34:44","guid":{"rendered":"https:\/\/allanproduz.com\/?p=9956"},"modified":"2025-06-30T13:34:44","modified_gmt":"2025-06-30T16:34:44","slug":"top-demais-tv-lanca-site","status":"publish","type":"post","link":"https:\/\/allanproduz.com\/?p=9956","title":{"rendered":"Top Demais TV lan\u00e7a site"},"content":{"rendered":"<p><img loading=\"lazy\" decoding=\"async\" class=\"aligncenter size-full wp-image-9774\" src=\"http:\/\/allanproduz.com\/wp-content\/uploads\/2025\/06\/logo-tvtopdemais-modelo-2-png-250x250-1.png\" alt=\"\" width=\"250\" height=\"250\" srcset=\"https:\/\/allanproduz.com\/wp-content\/uploads\/2025\/06\/logo-tvtopdemais-modelo-2-png-250x250-1.png 250w, https:\/\/allanproduz.com\/wp-content\/uploads\/2025\/06\/logo-tvtopdemais-modelo-2-png-250x250-1-150x150.png 150w\" sizes=\"auto, (max-width: 250px) 100vw, 250px\" \/><\/p>\n<p style=\"text-align: center;\">Rio de Janeiro , segunda , 30 de junho de 2025<\/p>\n<p>Top Demais TV finalizou seu site e , agora passa a est\u00e1 dispon\u00edvel para a galera entender mais a proposta da nova webTV.<\/p>\n<p>Confira:<strong> www.topdemaiswebtv.blogspot.com<\/strong><\/p>\n<p>O canal funciona em v\u00e1rios canais de IPTV , site www.topdemaistv.noar.tv.br , ITV , Olhos na TV e em breve no vidks.net<\/p>\n","protected":false},"excerpt":{"rendered":"<p>Rio de Janeiro , segunda , 30 de junho de 2025 Top Demais TV finalizou seu site e , agora passa a est\u00e1 dispon\u00edvel para a galera entender mais a proposta da nova webTV. Confira: www.topdemaiswebtv.blogspot.com O canal funciona em v\u00e1rios canais de IPTV , site www.topdemaistv.noar.tv.br , ITV , Olhos na TV e em &hellip;<\/p>\n","protected":false},"author":3,"featured_media":9774,"comment_status":"open","ping_status":"open","sticky":false,"template":"","format":"standard","meta":{"_joinchat":[],"footnotes":""},"categories":[1015],"tags":[216],"class_list":["post-9956","post","type-post","status-publish","format-standard","has-post-thumbnail","hentry","category-acontece-na-webtv","tag-webtv"],"aioseo_notices":[],"_links":{"self":[{"href":"https:\/\/allanproduz.com\/index.php?rest_route=\/wp\/v2\/posts\/9956","targetHints":{"allow":["GET"]}}],"collection":[{"href":"https:\/\/allanproduz.com\/index.php?rest_route=\/wp\/v2\/posts"}],"about":[{"href":"https:\/\/allanproduz.com\/index.php?rest_route=\/wp\/v2\/types\/post"}],"author":[{"embeddable":true,"href":"https:\/\/allanproduz.com\/index.php?rest_route=\/wp\/v2\/users\/3"}],"replies":[{"embeddable":true,"href":"https:\/\/allanproduz.com\/index.php?rest_route=%2Fwp%2Fv2%2Fcomments&post=9956"}],"version-history":[{"count":1,"href":"https:\/\/allanproduz.com\/index.php?rest_route=\/wp\/v2\/posts\/9956\/revisions"}],"predecessor-version":[{"id":9957,"href":"https:\/\/allanproduz.com\/index.php?rest_route=\/wp\/v2\/posts\/9956\/revisions\/9957"}],"wp:featuredmedia":[{"embeddable":true,"href":"https:\/\/allanproduz.com\/index.php?rest_route=\/wp\/v2\/media\/9774"}],"wp:attachment":[{"href":"https:\/\/allanproduz.com\/index.php?rest_route=%2Fwp%2Fv2%2Fmedia&parent=9956"}],"wp:term":[{"taxonomy":"category","embeddable":true,"href":"https:\/\/allanproduz.com\/index.php?rest_route=%2Fwp%2Fv2%2Fcategories&post=9956"},{"taxonomy":"post_tag","embeddable":true,"href":"https:\/\/allanproduz.com\/index.php?rest_route=%2Fwp%2Fv2%2Ftags&post=9956"}],"curies":[{"name":"wp","href":"https:\/\/api.w.org\/{rel}","templated":true}]}}