{"id":9237,"date":"2025-02-25T01:00:09","date_gmt":"2025-02-25T04:00:09","guid":{"rendered":"https:\/\/allanproduz.com\/?p=9237"},"modified":"2025-02-25T18:53:28","modified_gmt":"2025-02-25T21:53:28","slug":"glogo-sendo-esperta-com-vale-tudo","status":"publish","type":"post","link":"https:\/\/allanproduz.com\/?p=9237","title":{"rendered":"Globo sendo esperta com Vale Tudo"},"content":{"rendered":"<p><img loading=\"lazy\" decoding=\"async\" class=\"alignnone size-medium wp-image-8794 aligncenter\" src=\"http:\/\/allanproduz.com\/wp-content\/uploads\/2025\/01\/globo-branco-300x169.jpg\" alt=\"\" width=\"300\" height=\"169\" srcset=\"https:\/\/allanproduz.com\/wp-content\/uploads\/2025\/01\/globo-branco-300x169.jpg 300w, https:\/\/allanproduz.com\/wp-content\/uploads\/2025\/01\/globo-branco-1024x576.jpg 1024w, https:\/\/allanproduz.com\/wp-content\/uploads\/2025\/01\/globo-branco-768x432.jpg 768w, https:\/\/allanproduz.com\/wp-content\/uploads\/2025\/01\/globo-branco-390x220.jpg 390w, https:\/\/allanproduz.com\/wp-content\/uploads\/2025\/01\/globo-branco.jpg 1080w\" sizes=\"auto, (max-width: 300px) 100vw, 300px\" \/><\/p>\n<p style=\"text-align: center;\">Rio, ter\u00e7a, 25 de fevereiro de 2025<\/p>\n<p style=\"text-align: center;\"><strong>Opini\u00e3o<\/strong> em <strong>Destaque<\/strong><\/p>\n<p>Bacana essa ideia de usar atores da novela Vale Tudo para o p\u00fablico assistir o primeiro trailer da novela, afinal a divulga\u00e7\u00e3o da novela \u00e9 super importante , ainda mais no hor\u00e1rio nobre , a forma que foi feita com Vale Tudo pode ser feita com pr\u00f3ximas produ\u00e7\u00f5es. N\u00e3o curto remake , prefiro novelas in\u00e9ditas. Tem mais valor para mim a primeira vers\u00e3o , outras vers\u00f5es n\u00e3o tem valor.<\/p>\n<p><img loading=\"lazy\" decoding=\"async\" class=\"alignnone size-medium wp-image-8892 aligncenter\" src=\"http:\/\/allanproduz.com\/wp-content\/uploads\/2025\/01\/FEVEREIRO-300x300.jpg\" alt=\"\" width=\"300\" height=\"300\" srcset=\"https:\/\/allanproduz.com\/wp-content\/uploads\/2025\/01\/FEVEREIRO-300x300.jpg 300w, https:\/\/allanproduz.com\/wp-content\/uploads\/2025\/01\/FEVEREIRO-1024x1024.jpg 1024w, https:\/\/allanproduz.com\/wp-content\/uploads\/2025\/01\/FEVEREIRO-150x150.jpg 150w, https:\/\/allanproduz.com\/wp-content\/uploads\/2025\/01\/FEVEREIRO-768x768.jpg 768w, https:\/\/allanproduz.com\/wp-content\/uploads\/2025\/01\/FEVEREIRO-1536x1536.jpg 1536w, https:\/\/allanproduz.com\/wp-content\/uploads\/2025\/01\/FEVEREIRO.jpg 1598w\" sizes=\"auto, (max-width: 300px) 100vw, 300px\" \/><\/p>\n<p>&nbsp;<\/p>\n<p>A\u00a0<strong><em>BOA<\/em><\/strong>\u00a0DO ALLAN PRODUZ !<\/p>\n<p>Mais um m\u00eas come\u00e7ando e com ele mais campanhas importantes como o\u00a0<strong><em>fevereiro Roxo<\/em><\/strong>\u00a0em combate ao<strong>\u00a0l\u00fapus<\/strong>,\u00a0<strong>Fibromialgia<\/strong>\u00a0e\u00a0<strong>Alzheimer.<\/strong><\/p>\n<p>Segundo m\u00e9dicos a doen\u00e7a do Alzheimer \u00e9 do desgosto, pessoas que tiveram muito desgosto. \u00c9 importante aproveitar o m\u00eas sempre buscando informa\u00e7\u00f5es das doen\u00e7as citadas.<\/p>\n<p><strong><em>Fevereiro Laranja<\/em><\/strong>\u00a0\u00e9 outra campanha de uma doen\u00e7a bem s\u00e9ria a\u00a0<strong>Leucemia<\/strong>\u00a0, se informe!<\/p>\n<p>C\u00e2ncer de tiroide vem do perfume aplicado no pesco\u00e7o , evite perfume no pesco\u00e7o.<\/p>\n<div id=\"allan-164320412\" class=\"allan-depois-do-conteudo\">\u00c1gua em excesso pode deixar a pessoa em coma, voc\u00ea sabia? o Excesso de \u00e1gua est\u00e1 na cor da urina , saiba mais<\/div>\n<ul>\n<li class=\"allan-depois-do-conteudo\">Urina branca excesso de \u00e1gua;<\/li>\n<li>Urina amarelo Claro est\u00e1 \u00d3timo, ou seja hidratado;<\/li>\n<li>Urina amarelo escuro \u00e9 desidrata\u00e7\u00e3o.<\/li>\n<\/ul>\n<div id=\"allan-1220252659\" class=\"allan-depois-do-conteudo\"><\/div>\n<div class=\"post-bottom-meta post-bottom-tags post-tags-modern\"><\/div>\n","protected":false},"excerpt":{"rendered":"<p>Rio, ter\u00e7a, 25 de fevereiro de 2025 Opini\u00e3o em Destaque Bacana essa ideia de usar atores da novela Vale Tudo para o p\u00fablico assistir o primeiro trailer da novela, afinal a divulga\u00e7\u00e3o da novela \u00e9 super importante , ainda mais no hor\u00e1rio nobre , a forma que foi feita com Vale Tudo pode ser feita &hellip;<\/p>\n","protected":false},"author":3,"featured_media":7469,"comment_status":"open","ping_status":"open","sticky":false,"template":"","format":"standard","meta":{"_joinchat":[],"footnotes":""},"categories":[196],"tags":[39,272],"class_list":["post-9237","post","type-post","status-publish","format-standard","has-post-thumbnail","hentry","category-opiniao-2","tag-globo","tag-novela-das-9"],"aioseo_notices":[],"_links":{"self":[{"href":"https:\/\/allanproduz.com\/index.php?rest_route=\/wp\/v2\/posts\/9237","targetHints":{"allow":["GET"]}}],"collection":[{"href":"https:\/\/allanproduz.com\/index.php?rest_route=\/wp\/v2\/posts"}],"about":[{"href":"https:\/\/allanproduz.com\/index.php?rest_route=\/wp\/v2\/types\/post"}],"author":[{"embeddable":true,"href":"https:\/\/allanproduz.com\/index.php?rest_route=\/wp\/v2\/users\/3"}],"replies":[{"embeddable":true,"href":"https:\/\/allanproduz.com\/index.php?rest_route=%2Fwp%2Fv2%2Fcomments&post=9237"}],"version-history":[{"count":3,"href":"https:\/\/allanproduz.com\/index.php?rest_route=\/wp\/v2\/posts\/9237\/revisions"}],"predecessor-version":[{"id":9256,"href":"https:\/\/allanproduz.com\/index.php?rest_route=\/wp\/v2\/posts\/9237\/revisions\/9256"}],"wp:featuredmedia":[{"embeddable":true,"href":"https:\/\/allanproduz.com\/index.php?rest_route=\/wp\/v2\/media\/7469"}],"wp:attachment":[{"href":"https:\/\/allanproduz.com\/index.php?rest_route=%2Fwp%2Fv2%2Fmedia&parent=9237"}],"wp:term":[{"taxonomy":"category","embeddable":true,"href":"https:\/\/allanproduz.com\/index.php?rest_route=%2Fwp%2Fv2%2Fcategories&post=9237"},{"taxonomy":"post_tag","embeddable":true,"href":"https:\/\/allanproduz.com\/index.php?rest_route=%2Fwp%2Fv2%2Ftags&post=9237"}],"curies":[{"name":"wp","href":"https:\/\/api.w.org\/{rel}","templated":true}]}}