{"id":8910,"date":"2025-01-31T10:52:32","date_gmt":"2025-01-31T13:52:32","guid":{"rendered":"https:\/\/allanproduz.com\/?p=8910"},"modified":"2025-01-31T10:52:32","modified_gmt":"2025-01-31T13:52:32","slug":"band-folia-garantido","status":"publish","type":"post","link":"https:\/\/allanproduz.com\/?p=8910","title":{"rendered":"Band Folia garantido"},"content":{"rendered":"<p><img loading=\"lazy\" decoding=\"async\" class=\"alignnone size-medium wp-image-8300 aligncenter\" src=\"http:\/\/allanproduz.com\/wp-content\/uploads\/2024\/11\/band-1-300x168.jpg\" alt=\"\" width=\"300\" height=\"168\" srcset=\"https:\/\/allanproduz.com\/wp-content\/uploads\/2024\/11\/band-1-300x168.jpg 300w, https:\/\/allanproduz.com\/wp-content\/uploads\/2024\/11\/band-1-390x220.jpg 390w, https:\/\/allanproduz.com\/wp-content\/uploads\/2024\/11\/band-1.jpg 474w\" sizes=\"auto, (max-width: 300px) 100vw, 300px\" \/><\/p>\n<p style=\"text-align: center;\">Rio , <strong>sexta<\/strong> , 31 de janeiro de 2025<\/p>\n<p><strong>Band Folia Rio<\/strong> est\u00e1 confirmado na grade. Esse \u00e9 o terceiro ano consecutivo que transmite os desfiles das escolas de samba s\u00e9rie Ouro, sexta e s\u00e1bado, \u00e0s 20h30 para o Rio e 21h30 para toda rede. apresenta\u00e7\u00e3o de JP Vergueiro. j\u00e1 a Band de S\u00e3o Paulo segue com v\u00e1rias cotas vendidas e outras em negocia\u00e7\u00e3o para a transmiss\u00e3o do Band Folia , que come\u00e7a , quinta , 27 e sexta , 28 come\u00e7a com tudo.<\/p>\n<p><img loading=\"lazy\" decoding=\"async\" class=\"alignnone size-medium wp-image-8575 aligncenter\" src=\"http:\/\/allanproduz.com\/wp-content\/uploads\/2025\/01\/janeiro-branco-300x300.jpg\" alt=\"\" width=\"300\" height=\"300\" srcset=\"https:\/\/allanproduz.com\/wp-content\/uploads\/2025\/01\/janeiro-branco-300x300.jpg 300w, https:\/\/allanproduz.com\/wp-content\/uploads\/2025\/01\/janeiro-branco-150x150.jpg 150w, https:\/\/allanproduz.com\/wp-content\/uploads\/2025\/01\/janeiro-branco.jpg 450w\" sizes=\"auto, (max-width: 300px) 100vw, 300px\" \/><\/p>\n<p><img loading=\"lazy\" decoding=\"async\" class=\"alignnone size-medium wp-image-8674 aligncenter\" src=\"http:\/\/allanproduz.com\/wp-content\/uploads\/2025\/01\/janeiro_roxo-300x242.jpg\" alt=\"\" width=\"300\" height=\"242\" srcset=\"https:\/\/allanproduz.com\/wp-content\/uploads\/2025\/01\/janeiro_roxo-300x242.jpg 300w, https:\/\/allanproduz.com\/wp-content\/uploads\/2025\/01\/janeiro_roxo-1024x825.jpg 1024w, https:\/\/allanproduz.com\/wp-content\/uploads\/2025\/01\/janeiro_roxo-768x619.jpg 768w, https:\/\/allanproduz.com\/wp-content\/uploads\/2025\/01\/janeiro_roxo.jpg 1341w\" sizes=\"auto, (max-width: 300px) 100vw, 300px\" \/><\/p>\n<p><strong>A BOA DO ALLAN PRODUZ\u00a0<\/strong><\/p>\n<p>sa\u00fade mental tem a ver com organiza\u00e7\u00e3o , ele o c\u00e9rebro n\u00e3o aceita fazer v\u00e1rias tarefas ao mesmo tempo e sim , uma de cada vez. cuide-se.<\/p>\n<p>janeiro Roxo te lembra que existe cura e tratamento da Hansen\u00edase.\u00a0 procure postos de sa\u00fade e disque sa\u00fade 136.<\/p>\n<p><strong>A BOA DO ALLAN PRODUZ 2<\/strong><\/p>\n<p>Na embalagem diz sabor Chocolate , isso significa n\u00e3o \u00e9 de chocolate . Quando informa bolo de chocolate \u00e9 porque \u00e9 chocolate de verdade. o sabor de chocolate \u00e9 gordura hidrogenada.<\/p>\n<p><strong>A BOA DO ALLAN PRODUZ 3<\/strong><\/p>\n<p>Mulheres que frequentam academia devem evitar cabelo preso em rabo de cavalo, o motivo evitar acidentes graves entre cabelo e equipamento, houve casos , cabelo preso no aparelho. A dica \u00e9 fazer coque.<\/p>\n<div id=\"allan-980396740\" class=\"allan-depois-do-conteudo\"><\/div>\n<div class=\"post-bottom-meta post-bottom-tags post-tags-modern\"><\/div>\n<div id=\"allan-720550973\" class=\"allan-depois-do-conteudo\"><\/div>\n<div class=\"post-bottom-meta post-bottom-tags post-tags-modern\"><\/div>\n<div id=\"allan-1766448196\" class=\"allan-depois-do-conteudo\"><\/div>\n<div class=\"post-bottom-meta post-bottom-tags post-tags-modern\"><\/div>\n<p>&nbsp;<\/p>\n","protected":false},"excerpt":{"rendered":"<p>Rio , sexta , 31 de janeiro de 2025 Band Folia Rio est\u00e1 confirmado na grade. Esse \u00e9 o terceiro ano consecutivo que transmite os desfiles das escolas de samba s\u00e9rie Ouro, sexta e s\u00e1bado, \u00e0s 20h30 para o Rio e 21h30 para toda rede. apresenta\u00e7\u00e3o de JP Vergueiro. j\u00e1 a Band de S\u00e3o Paulo &hellip;<\/p>\n","protected":false},"author":3,"featured_media":5316,"comment_status":"open","ping_status":"open","sticky":false,"template":"","format":"standard","meta":{"_joinchat":[],"footnotes":""},"categories":[850],"tags":[41,185],"class_list":["post-8910","post","type-post","status-publish","format-standard","has-post-thumbnail","hentry","category-carnaval","tag-band","tag-carnaval"],"aioseo_notices":[],"_links":{"self":[{"href":"https:\/\/allanproduz.com\/index.php?rest_route=\/wp\/v2\/posts\/8910","targetHints":{"allow":["GET"]}}],"collection":[{"href":"https:\/\/allanproduz.com\/index.php?rest_route=\/wp\/v2\/posts"}],"about":[{"href":"https:\/\/allanproduz.com\/index.php?rest_route=\/wp\/v2\/types\/post"}],"author":[{"embeddable":true,"href":"https:\/\/allanproduz.com\/index.php?rest_route=\/wp\/v2\/users\/3"}],"replies":[{"embeddable":true,"href":"https:\/\/allanproduz.com\/index.php?rest_route=%2Fwp%2Fv2%2Fcomments&post=8910"}],"version-history":[{"count":1,"href":"https:\/\/allanproduz.com\/index.php?rest_route=\/wp\/v2\/posts\/8910\/revisions"}],"predecessor-version":[{"id":8911,"href":"https:\/\/allanproduz.com\/index.php?rest_route=\/wp\/v2\/posts\/8910\/revisions\/8911"}],"wp:featuredmedia":[{"embeddable":true,"href":"https:\/\/allanproduz.com\/index.php?rest_route=\/wp\/v2\/media\/5316"}],"wp:attachment":[{"href":"https:\/\/allanproduz.com\/index.php?rest_route=%2Fwp%2Fv2%2Fmedia&parent=8910"}],"wp:term":[{"taxonomy":"category","embeddable":true,"href":"https:\/\/allanproduz.com\/index.php?rest_route=%2Fwp%2Fv2%2Fcategories&post=8910"},{"taxonomy":"post_tag","embeddable":true,"href":"https:\/\/allanproduz.com\/index.php?rest_route=%2Fwp%2Fv2%2Ftags&post=8910"}],"curies":[{"name":"wp","href":"https:\/\/api.w.org\/{rel}","templated":true}]}}