{"id":8589,"date":"2025-01-04T08:00:04","date_gmt":"2025-01-04T11:00:04","guid":{"rendered":"https:\/\/allanproduz.com\/?p=8589"},"modified":"2025-01-04T16:54:26","modified_gmt":"2025-01-04T19:54:26","slug":"a-boa-do-allan-produz-nao-tirar-ferias-nao-faz-bem","status":"publish","type":"post","link":"https:\/\/allanproduz.com\/?p=8589","title":{"rendered":"A boa do Allan Produz: n\u00e3o tirar f\u00e9rias n\u00e3o faz bem"},"content":{"rendered":"<p><img loading=\"lazy\" decoding=\"async\" class=\"alignnone size-medium wp-image-8332 aligncenter\" src=\"http:\/\/allanproduz.com\/wp-content\/uploads\/2024\/12\/logo-site-allan-topo-2025-300x56.png\" alt=\"\" width=\"300\" height=\"56\" srcset=\"https:\/\/allanproduz.com\/wp-content\/uploads\/2024\/12\/logo-site-allan-topo-2025-300x56.png 300w, https:\/\/allanproduz.com\/wp-content\/uploads\/2024\/12\/logo-site-allan-topo-2025.png 508w\" sizes=\"auto, (max-width: 300px) 100vw, 300px\" \/><\/p>\n<p style=\"text-align: center;\"><strong>A BOA DO ALLAN PRODUZ\u00a0<\/strong><\/p>\n<p>O simples fato de n\u00e3o tirar f\u00e9rias n\u00e3o cai bem, o motivo \u00e9 bem simples , sua sa\u00fade mental fica prejudicada , as f\u00e9rias \u00e9 um direito de todos , mesmo para quem n\u00e3o \u00e9 empregado. Voc\u00ea empreendedor pode dividir suas f\u00e9rias por exemplo , voc\u00ea tirou 15 dias de f\u00e9rias em dezembro , as pr\u00f3ximas f\u00e9rias pode ser m\u00eas de julho mais 15 dias. O lance de n\u00e3o ter f\u00e9rias e pior por anos , s\u00f3 vai piorar ainda mais a sua sa\u00fade. lembrando que estamos no janeiro branco , m\u00eas da sa\u00fade mental \u00e9 fundamental pensar nisso. cuide-se principalmente homens, que s\u00e3o os que mais optam em n\u00e3o tirar f\u00e9rias.\u00a0 ap\u00f3s ler esse meu post, relaxe e mude isso.<\/p>\n<p>&nbsp;<\/p>\n<p><img loading=\"lazy\" decoding=\"async\" class=\"alignnone size-medium wp-image-8575\" src=\"http:\/\/allanproduz.com\/wp-content\/uploads\/2025\/01\/janeiro-branco-300x300.jpg\" alt=\"\" width=\"300\" height=\"300\" srcset=\"https:\/\/allanproduz.com\/wp-content\/uploads\/2025\/01\/janeiro-branco-300x300.jpg 300w, https:\/\/allanproduz.com\/wp-content\/uploads\/2025\/01\/janeiro-branco-150x150.jpg 150w, https:\/\/allanproduz.com\/wp-content\/uploads\/2025\/01\/janeiro-branco.jpg 450w\" sizes=\"auto, (max-width: 300px) 100vw, 300px\" \/><\/p>\n","protected":false},"excerpt":{"rendered":"<p>A BOA DO ALLAN PRODUZ\u00a0 O simples fato de n\u00e3o tirar f\u00e9rias n\u00e3o cai bem, o motivo \u00e9 bem simples , sua sa\u00fade mental fica prejudicada , as f\u00e9rias \u00e9 um direito de todos , mesmo para quem n\u00e3o \u00e9 empregado. Voc\u00ea empreendedor pode dividir suas f\u00e9rias por exemplo , voc\u00ea tirou 15 dias de &hellip;<\/p>\n","protected":false},"author":3,"featured_media":8575,"comment_status":"open","ping_status":"open","sticky":false,"template":"","format":"standard","meta":{"_joinchat":[],"footnotes":""},"categories":[1],"tags":[124],"class_list":["post-8589","post","type-post","status-publish","format-standard","has-post-thumbnail","hentry","category-sem-categoria","tag-janeiro-branco"],"aioseo_notices":[],"_links":{"self":[{"href":"https:\/\/allanproduz.com\/index.php?rest_route=\/wp\/v2\/posts\/8589","targetHints":{"allow":["GET"]}}],"collection":[{"href":"https:\/\/allanproduz.com\/index.php?rest_route=\/wp\/v2\/posts"}],"about":[{"href":"https:\/\/allanproduz.com\/index.php?rest_route=\/wp\/v2\/types\/post"}],"author":[{"embeddable":true,"href":"https:\/\/allanproduz.com\/index.php?rest_route=\/wp\/v2\/users\/3"}],"replies":[{"embeddable":true,"href":"https:\/\/allanproduz.com\/index.php?rest_route=%2Fwp%2Fv2%2Fcomments&post=8589"}],"version-history":[{"count":3,"href":"https:\/\/allanproduz.com\/index.php?rest_route=\/wp\/v2\/posts\/8589\/revisions"}],"predecessor-version":[{"id":8608,"href":"https:\/\/allanproduz.com\/index.php?rest_route=\/wp\/v2\/posts\/8589\/revisions\/8608"}],"wp:featuredmedia":[{"embeddable":true,"href":"https:\/\/allanproduz.com\/index.php?rest_route=\/wp\/v2\/media\/8575"}],"wp:attachment":[{"href":"https:\/\/allanproduz.com\/index.php?rest_route=%2Fwp%2Fv2%2Fmedia&parent=8589"}],"wp:term":[{"taxonomy":"category","embeddable":true,"href":"https:\/\/allanproduz.com\/index.php?rest_route=%2Fwp%2Fv2%2Fcategories&post=8589"},{"taxonomy":"post_tag","embeddable":true,"href":"https:\/\/allanproduz.com\/index.php?rest_route=%2Fwp%2Fv2%2Ftags&post=8589"}],"curies":[{"name":"wp","href":"https:\/\/api.w.org\/{rel}","templated":true}]}}