{"id":7170,"date":"2024-08-06T14:10:32","date_gmt":"2024-08-06T17:10:32","guid":{"rendered":"https:\/\/allanproduz.com\/?p=7170"},"modified":"2024-08-06T14:10:32","modified_gmt":"2024-08-06T17:10:32","slug":"emissoras-vao-mudar-de-horario","status":"publish","type":"post","link":"https:\/\/allanproduz.com\/?p=7170","title":{"rendered":"Emissoras v\u00e3o mudar de hor\u00e1rio"},"content":{"rendered":"<p style=\"text-align: center;\">Rio,ter\u00e7a,6 de agosto de 2024<\/p>\n<p><img loading=\"lazy\" decoding=\"async\" class=\"alignnone size-medium wp-image-6699 aligncenter\" src=\"http:\/\/allanproduz.com\/wp-content\/uploads\/2024\/06\/urna-300x169.webp\" alt=\"\" width=\"300\" height=\"169\" srcset=\"https:\/\/allanproduz.com\/wp-content\/uploads\/2024\/06\/urna-300x169.webp 300w, https:\/\/allanproduz.com\/wp-content\/uploads\/2024\/06\/urna-768x432.webp 768w, https:\/\/allanproduz.com\/wp-content\/uploads\/2024\/06\/urna-390x220.webp 390w, https:\/\/allanproduz.com\/wp-content\/uploads\/2024\/06\/urna.webp 800w\" sizes=\"auto, (max-width: 300px) 100vw, 300px\" \/><\/p>\n<p>A propaganda no r\u00e1dio e na Tv come\u00e7a no dia 30 de agosto e segue at\u00e9 3 de outubro.<\/p>\n<p>O hor\u00e1rio eleitoral gratuito vai ocorrer de segunda a s\u00e1bado por 20 minutos cada dia, nos dois ve\u00edculos. No r\u00e1dio , a transmiss\u00e3o ser\u00e1 das 7h \u00e0s 7h10 e das 12h \u00e0s 12h10. Na TV, a exibi\u00e7\u00e3o ser\u00e1 das 13h \u00e0s 13h10 e das 20h30 \u00e0s 20h40.<\/p>\n<p>H\u00e1 ainda a propaganda por inser\u00e7\u00f5es, a publicidade nos intervalos da programa\u00e7\u00e3o dos ve\u00edculos. Para essa modalidade, s\u00e3o reservados 70 minutos di\u00e1rios , de segunda-feira a domingo.<\/p>\n<p>&nbsp;<\/p>\n<blockquote class=\"quote-solid\">\n<blockquote class=\"quote-solid\"><p>\u00a0O Toque!<\/p>\n<p>Agosto Dourado \u2013 lembrar da import\u00e2ncia do leite materno dos 6 meses aos dois anos de idade.<\/p>\n<p>Agosto Laranja \u2013 Esclerose M\u00faltipla<\/p>\n<p>Agosto Verde-Claro \u2013 combate aos linfomas<\/p>\n<p>Agosto Lil\u00e1s \u2013 Contra a viol\u00eancia a mulher<\/p>\n<p>Agosto Branco \u2013 C\u00e2ncer de pulm\u00e3o<\/p>\n<p>detalhes das campanhas? busque na lupa campanhas do m\u00eas de agosto e vai ter v\u00e1rias informa\u00e7\u00f5es<\/p>\n<p>&nbsp;<\/p><\/blockquote>\n<div class=\"post-bottom-meta post-bottom-edit\">\n<div class=\"post-bottom-meta-title\"><\/div>\n<\/div>\n<\/blockquote>\n","protected":false},"excerpt":{"rendered":"<p>Rio,ter\u00e7a,6 de agosto de 2024 A propaganda no r\u00e1dio e na Tv come\u00e7a no dia 30 de agosto e segue at\u00e9 3 de outubro. O hor\u00e1rio eleitoral gratuito vai ocorrer de segunda a s\u00e1bado por 20 minutos cada dia, nos dois ve\u00edculos. No r\u00e1dio , a transmiss\u00e3o ser\u00e1 das 7h \u00e0s 7h10 e das 12h &hellip;<\/p>\n","protected":false},"author":3,"featured_media":6699,"comment_status":"open","ping_status":"open","sticky":false,"template":"","format":"standard","meta":{"_joinchat":[],"footnotes":""},"categories":[193],"tags":[],"class_list":["post-7170","post","type-post","status-publish","format-standard","has-post-thumbnail","hentry","category-acontece-na-televisao"],"aioseo_notices":[],"_links":{"self":[{"href":"https:\/\/allanproduz.com\/index.php?rest_route=\/wp\/v2\/posts\/7170","targetHints":{"allow":["GET"]}}],"collection":[{"href":"https:\/\/allanproduz.com\/index.php?rest_route=\/wp\/v2\/posts"}],"about":[{"href":"https:\/\/allanproduz.com\/index.php?rest_route=\/wp\/v2\/types\/post"}],"author":[{"embeddable":true,"href":"https:\/\/allanproduz.com\/index.php?rest_route=\/wp\/v2\/users\/3"}],"replies":[{"embeddable":true,"href":"https:\/\/allanproduz.com\/index.php?rest_route=%2Fwp%2Fv2%2Fcomments&post=7170"}],"version-history":[{"count":1,"href":"https:\/\/allanproduz.com\/index.php?rest_route=\/wp\/v2\/posts\/7170\/revisions"}],"predecessor-version":[{"id":7171,"href":"https:\/\/allanproduz.com\/index.php?rest_route=\/wp\/v2\/posts\/7170\/revisions\/7171"}],"wp:featuredmedia":[{"embeddable":true,"href":"https:\/\/allanproduz.com\/index.php?rest_route=\/wp\/v2\/media\/6699"}],"wp:attachment":[{"href":"https:\/\/allanproduz.com\/index.php?rest_route=%2Fwp%2Fv2%2Fmedia&parent=7170"}],"wp:term":[{"taxonomy":"category","embeddable":true,"href":"https:\/\/allanproduz.com\/index.php?rest_route=%2Fwp%2Fv2%2Fcategories&post=7170"},{"taxonomy":"post_tag","embeddable":true,"href":"https:\/\/allanproduz.com\/index.php?rest_route=%2Fwp%2Fv2%2Ftags&post=7170"}],"curies":[{"name":"wp","href":"https:\/\/api.w.org\/{rel}","templated":true}]}}