{"id":4158,"date":"2023-12-02T09:32:11","date_gmt":"2023-12-02T12:32:11","guid":{"rendered":"https:\/\/allanproduz.com\/?p=4158"},"modified":"2023-12-02T09:32:11","modified_gmt":"2023-12-02T12:32:11","slug":"globo-e-sua-vinheta-de-fim-de-ano","status":"publish","type":"post","link":"https:\/\/allanproduz.com\/?p=4158","title":{"rendered":"GLOBO E SUA VINHETA DE FIM DE ANO"},"content":{"rendered":"<p><strong>Globo\u00a0<\/strong>gravou sua vinheta de fim de ano no dia 10 de novembro e colocou no ar nesta sexta 1\u00b0 de Dezembro com a campanha &#8220;Hoje a festa \u00e9 sua &#8220;. Uma festa mais sua , ainda mais nossa &#8220;. A novidade esse ano \u00e9 o p\u00fablico dentro do filme que foi exibido no primeiro intervalo da novela Terra &amp; Paix\u00e3o. O filme reuniu v\u00e1rios atores da novela das 9 e o elenco da globo.<\/p>\n<p style=\"text-align: center;\"><img loading=\"lazy\" decoding=\"async\" class=\"alignnone size-medium wp-image-3952\" src=\"http:\/\/allanproduz.com\/wp-content\/uploads\/2023\/11\/assets_fotos_336_MARCA_MAE_copiar-300x164.jpg\" alt=\"\" width=\"300\" height=\"164\" srcset=\"https:\/\/allanproduz.com\/wp-content\/uploads\/2023\/11\/assets_fotos_336_MARCA_MAE_copiar-300x164.jpg 300w, https:\/\/allanproduz.com\/wp-content\/uploads\/2023\/11\/assets_fotos_336_MARCA_MAE_copiar.jpg 639w\" sizes=\"auto, (max-width: 300px) 100vw, 300px\" \/><\/p>\n<p style=\"text-align: center;\"><strong>an\u00fancio<\/strong><\/p>\n<p><img loading=\"lazy\" decoding=\"async\" class=\"alignnone size-medium wp-image-4081\" src=\"http:\/\/allanproduz.com\/wp-content\/uploads\/2023\/11\/406465975_1474167703157172_7270841039140761402_n-300x300.jpg\" alt=\"\" width=\"300\" height=\"300\" srcset=\"https:\/\/allanproduz.com\/wp-content\/uploads\/2023\/11\/406465975_1474167703157172_7270841039140761402_n-300x300.jpg 300w, https:\/\/allanproduz.com\/wp-content\/uploads\/2023\/11\/406465975_1474167703157172_7270841039140761402_n-1024x1024.jpg 1024w, https:\/\/allanproduz.com\/wp-content\/uploads\/2023\/11\/406465975_1474167703157172_7270841039140761402_n-150x150.jpg 150w, https:\/\/allanproduz.com\/wp-content\/uploads\/2023\/11\/406465975_1474167703157172_7270841039140761402_n-768x768.jpg 768w, https:\/\/allanproduz.com\/wp-content\/uploads\/2023\/11\/406465975_1474167703157172_7270841039140761402_n.jpg 1080w\" sizes=\"auto, (max-width: 300px) 100vw, 300px\" \/><img loading=\"lazy\" decoding=\"async\" class=\"alignnone size-medium wp-image-4080\" src=\"http:\/\/allanproduz.com\/wp-content\/uploads\/2023\/11\/406403739_1474167739823835_3626714562957783390_n-300x300.jpg\" alt=\"\" width=\"300\" height=\"300\" srcset=\"https:\/\/allanproduz.com\/wp-content\/uploads\/2023\/11\/406403739_1474167739823835_3626714562957783390_n-300x300.jpg 300w, https:\/\/allanproduz.com\/wp-content\/uploads\/2023\/11\/406403739_1474167739823835_3626714562957783390_n-1024x1024.jpg 1024w, https:\/\/allanproduz.com\/wp-content\/uploads\/2023\/11\/406403739_1474167739823835_3626714562957783390_n-150x150.jpg 150w, https:\/\/allanproduz.com\/wp-content\/uploads\/2023\/11\/406403739_1474167739823835_3626714562957783390_n-768x768.jpg 768w, https:\/\/allanproduz.com\/wp-content\/uploads\/2023\/11\/406403739_1474167739823835_3626714562957783390_n.jpg 1080w\" sizes=\"auto, (max-width: 300px) 100vw, 300px\" \/><\/p>\n","protected":false},"excerpt":{"rendered":"<p>Globo\u00a0gravou sua vinheta de fim de ano no dia 10 de novembro e colocou no ar nesta sexta 1\u00b0 de Dezembro com a campanha &#8220;Hoje a festa \u00e9 sua &#8220;. Uma festa mais sua , ainda mais nossa &#8220;. A novidade esse ano \u00e9 o p\u00fablico dentro do filme que foi exibido no primeiro intervalo &hellip;<\/p>\n","protected":false},"author":3,"featured_media":3952,"comment_status":"open","ping_status":"open","sticky":false,"template":"","format":"standard","meta":{"_joinchat":[],"footnotes":""},"categories":[21],"tags":[39],"class_list":["post-4158","post","type-post","status-publish","format-standard","has-post-thumbnail","hentry","category-acontece-na-tv","tag-globo"],"aioseo_notices":[],"_links":{"self":[{"href":"https:\/\/allanproduz.com\/index.php?rest_route=\/wp\/v2\/posts\/4158","targetHints":{"allow":["GET"]}}],"collection":[{"href":"https:\/\/allanproduz.com\/index.php?rest_route=\/wp\/v2\/posts"}],"about":[{"href":"https:\/\/allanproduz.com\/index.php?rest_route=\/wp\/v2\/types\/post"}],"author":[{"embeddable":true,"href":"https:\/\/allanproduz.com\/index.php?rest_route=\/wp\/v2\/users\/3"}],"replies":[{"embeddable":true,"href":"https:\/\/allanproduz.com\/index.php?rest_route=%2Fwp%2Fv2%2Fcomments&post=4158"}],"version-history":[{"count":1,"href":"https:\/\/allanproduz.com\/index.php?rest_route=\/wp\/v2\/posts\/4158\/revisions"}],"predecessor-version":[{"id":4159,"href":"https:\/\/allanproduz.com\/index.php?rest_route=\/wp\/v2\/posts\/4158\/revisions\/4159"}],"wp:featuredmedia":[{"embeddable":true,"href":"https:\/\/allanproduz.com\/index.php?rest_route=\/wp\/v2\/media\/3952"}],"wp:attachment":[{"href":"https:\/\/allanproduz.com\/index.php?rest_route=%2Fwp%2Fv2%2Fmedia&parent=4158"}],"wp:term":[{"taxonomy":"category","embeddable":true,"href":"https:\/\/allanproduz.com\/index.php?rest_route=%2Fwp%2Fv2%2Fcategories&post=4158"},{"taxonomy":"post_tag","embeddable":true,"href":"https:\/\/allanproduz.com\/index.php?rest_route=%2Fwp%2Fv2%2Ftags&post=4158"}],"curies":[{"name":"wp","href":"https:\/\/api.w.org\/{rel}","templated":true}]}}