{"id":4092,"date":"2023-11-29T09:12:54","date_gmt":"2023-11-29T12:12:54","guid":{"rendered":"https:\/\/allanproduz.com\/?p=4092"},"modified":"2023-11-29T09:12:54","modified_gmt":"2023-11-29T12:12:54","slug":"globo-muda-nome-de-novela","status":"publish","type":"post","link":"https:\/\/allanproduz.com\/?p=4092","title":{"rendered":"GLOBO MUDA NOME DE NOVELA"},"content":{"rendered":"<p><strong>Globo<\/strong> informou que finalmente houve mudan\u00e7a de nome para a pr\u00f3xima novela das 7 , antes &#8221; A vov\u00f3 Sumiu &#8220;, a globo nunca teria dito que esse seria o nome oficial da trama e sim provis\u00f3rio, agora o nome oficial \u00e9 &#8220;<strong> Fam\u00edlia \u00e9 Tudo<\/strong>&#8220;, onome que autor Daniel Ortiz resolveu colocar por definitivo.\u00a0 Aglobo chegou at\u00e9 fazer uma reuni\u00e3o para discutir o melhor nome para novela , mas nenhuma informa\u00e7\u00e3o saiu da reuni\u00e3o referente a mudan\u00e7a de nome. A novela va substituir &#8220;<strong>Fuzu\u00ea<\/strong>&#8220;. A nova novela das 7 vai estrear em mar\u00e7o de 2024.<\/p>\n<p style=\"text-align: center;\"><img loading=\"lazy\" decoding=\"async\" class=\"alignnone size-medium wp-image-3952\" src=\"http:\/\/allanproduz.com\/wp-content\/uploads\/2023\/11\/assets_fotos_336_MARCA_MAE_copiar-300x164.jpg\" alt=\"\" width=\"300\" height=\"164\" srcset=\"https:\/\/allanproduz.com\/wp-content\/uploads\/2023\/11\/assets_fotos_336_MARCA_MAE_copiar-300x164.jpg 300w, https:\/\/allanproduz.com\/wp-content\/uploads\/2023\/11\/assets_fotos_336_MARCA_MAE_copiar.jpg 639w\" sizes=\"auto, (max-width: 300px) 100vw, 300px\" \/><\/p>\n<p>an\u00fancio<\/p>\n<p><img loading=\"lazy\" decoding=\"async\" class=\"alignnone size-medium wp-image-4081\" src=\"http:\/\/allanproduz.com\/wp-content\/uploads\/2023\/11\/406465975_1474167703157172_7270841039140761402_n-300x300.jpg\" alt=\"\" width=\"300\" height=\"300\" srcset=\"https:\/\/allanproduz.com\/wp-content\/uploads\/2023\/11\/406465975_1474167703157172_7270841039140761402_n-300x300.jpg 300w, https:\/\/allanproduz.com\/wp-content\/uploads\/2023\/11\/406465975_1474167703157172_7270841039140761402_n-1024x1024.jpg 1024w, https:\/\/allanproduz.com\/wp-content\/uploads\/2023\/11\/406465975_1474167703157172_7270841039140761402_n-150x150.jpg 150w, https:\/\/allanproduz.com\/wp-content\/uploads\/2023\/11\/406465975_1474167703157172_7270841039140761402_n-768x768.jpg 768w, https:\/\/allanproduz.com\/wp-content\/uploads\/2023\/11\/406465975_1474167703157172_7270841039140761402_n.jpg 1080w\" sizes=\"auto, (max-width: 300px) 100vw, 300px\" \/><img loading=\"lazy\" decoding=\"async\" class=\"alignnone size-medium wp-image-4080\" src=\"http:\/\/allanproduz.com\/wp-content\/uploads\/2023\/11\/406403739_1474167739823835_3626714562957783390_n-300x300.jpg\" alt=\"\" width=\"300\" height=\"300\" srcset=\"https:\/\/allanproduz.com\/wp-content\/uploads\/2023\/11\/406403739_1474167739823835_3626714562957783390_n-300x300.jpg 300w, https:\/\/allanproduz.com\/wp-content\/uploads\/2023\/11\/406403739_1474167739823835_3626714562957783390_n-1024x1024.jpg 1024w, https:\/\/allanproduz.com\/wp-content\/uploads\/2023\/11\/406403739_1474167739823835_3626714562957783390_n-150x150.jpg 150w, https:\/\/allanproduz.com\/wp-content\/uploads\/2023\/11\/406403739_1474167739823835_3626714562957783390_n-768x768.jpg 768w, https:\/\/allanproduz.com\/wp-content\/uploads\/2023\/11\/406403739_1474167739823835_3626714562957783390_n.jpg 1080w\" sizes=\"auto, (max-width: 300px) 100vw, 300px\" \/><\/p>\n","protected":false},"excerpt":{"rendered":"<p>Globo informou que finalmente houve mudan\u00e7a de nome para a pr\u00f3xima novela das 7 , antes &#8221; A vov\u00f3 Sumiu &#8220;, a globo nunca teria dito que esse seria o nome oficial da trama e sim provis\u00f3rio, agora o nome oficial \u00e9 &#8220; Fam\u00edlia \u00e9 Tudo&#8220;, onome que autor Daniel Ortiz resolveu colocar por definitivo.\u00a0 &hellip;<\/p>\n","protected":false},"author":3,"featured_media":3952,"comment_status":"open","ping_status":"open","sticky":false,"template":"","format":"standard","meta":{"_joinchat":[],"footnotes":""},"categories":[31],"tags":[39],"class_list":["post-4092","post","type-post","status-publish","format-standard","has-post-thumbnail","hentry","category-novela","tag-globo"],"aioseo_notices":[],"_links":{"self":[{"href":"https:\/\/allanproduz.com\/index.php?rest_route=\/wp\/v2\/posts\/4092","targetHints":{"allow":["GET"]}}],"collection":[{"href":"https:\/\/allanproduz.com\/index.php?rest_route=\/wp\/v2\/posts"}],"about":[{"href":"https:\/\/allanproduz.com\/index.php?rest_route=\/wp\/v2\/types\/post"}],"author":[{"embeddable":true,"href":"https:\/\/allanproduz.com\/index.php?rest_route=\/wp\/v2\/users\/3"}],"replies":[{"embeddable":true,"href":"https:\/\/allanproduz.com\/index.php?rest_route=%2Fwp%2Fv2%2Fcomments&post=4092"}],"version-history":[{"count":1,"href":"https:\/\/allanproduz.com\/index.php?rest_route=\/wp\/v2\/posts\/4092\/revisions"}],"predecessor-version":[{"id":4093,"href":"https:\/\/allanproduz.com\/index.php?rest_route=\/wp\/v2\/posts\/4092\/revisions\/4093"}],"wp:featuredmedia":[{"embeddable":true,"href":"https:\/\/allanproduz.com\/index.php?rest_route=\/wp\/v2\/media\/3952"}],"wp:attachment":[{"href":"https:\/\/allanproduz.com\/index.php?rest_route=%2Fwp%2Fv2%2Fmedia&parent=4092"}],"wp:term":[{"taxonomy":"category","embeddable":true,"href":"https:\/\/allanproduz.com\/index.php?rest_route=%2Fwp%2Fv2%2Fcategories&post=4092"},{"taxonomy":"post_tag","embeddable":true,"href":"https:\/\/allanproduz.com\/index.php?rest_route=%2Fwp%2Fv2%2Ftags&post=4092"}],"curies":[{"name":"wp","href":"https:\/\/api.w.org\/{rel}","templated":true}]}}