{"id":2117,"date":"2023-08-18T09:56:32","date_gmt":"2023-08-18T12:56:32","guid":{"rendered":"https:\/\/allanproduz.com\/?p=2117"},"modified":"2023-08-18T09:56:36","modified_gmt":"2023-08-18T12:56:36","slug":"leao-lobo-e-da-redetv","status":"publish","type":"post","link":"https:\/\/allanproduz.com\/?p=2117","title":{"rendered":"LE\u00c3O LOBO \u00c9 DA REDETV"},"content":{"rendered":"\n<p>A <strong>RedeTV<\/strong> oficializou a contrata\u00e7\u00e3o do jornalista<strong> Le\u00e3o Lobo<\/strong>, o novo contratado j\u00e1 tem data para estrear, a sua estreia \u00e9 segunda dia 21, \u00e0s 10h25 no programa &#8221; <strong>Vou Te Contar<\/strong>&#8220;, ele vai ter um quadro chamado &#8221; <strong>Nas Garras do Le\u00e3o<\/strong> &#8220;. A contrata\u00e7\u00e3o do Le\u00e3o Lobo refor\u00e7a o time de jornalistas especializados em celebridades como<strong> Sonia Abr\u00e3o<\/strong>, <strong>Nelson Rubens<\/strong> e<strong> Fefito<\/strong>. A RedeTV acredita na parceria entre<strong> Claudete<\/strong> <strong>Troiano<\/strong> e le\u00e3o lobo que no passado fizeram programa juntos e deu super certo. Le\u00e3o lobo tamb\u00e9m postou ums foto ao lado da logo da emissora oficializando sua contrata\u00e7\u00e3o.<\/p>\n\n\n\n<p>Linha de Racioc\u00ednio: Com refor\u00e7o do Le\u00e3o lobo tem tudo para ser um sucesso mesmo e aumentar a audiencia das manh\u00e3s do canal e acredito que poderia reprisar as fofocas dele na reapresenta\u00e7\u00e3o aos s\u00e1bados, \u00e0s 0h30. <\/p>\n\n\n\n<p><strong>COMUNICADO<\/strong>: O site<strong> Allan Produz<\/strong> est\u00e1 precisando de dinheiro para continuar os seus trabalhos, voc\u00ea que gosta do meu trabalho e quer continuar acessando esse site pode ajudar me enviando um pix pelo e-mail: <strong>allanproduz@gmail.com<\/strong> ou<strong> 21997946461<\/strong>, a doa\u00e7\u00e3o pode ser de qualquer valor, o n\u00famero citado do pix \u00e9 o mesmo de uso profissional.<\/p>\n\n\n\n<figure class=\"wp-block-image size-full is-resized\"><img loading=\"lazy\" decoding=\"async\" src=\"http:\/\/allanproduz.com\/wp-content\/uploads\/2023\/08\/120201836_104873888050500_7334889819015780663_n.jpg\" alt=\"\" class=\"wp-image-2118\" width=\"837\" height=\"470\" srcset=\"https:\/\/allanproduz.com\/wp-content\/uploads\/2023\/08\/120201836_104873888050500_7334889819015780663_n.jpg 730w, https:\/\/allanproduz.com\/wp-content\/uploads\/2023\/08\/120201836_104873888050500_7334889819015780663_n-300x168.jpg 300w, https:\/\/allanproduz.com\/wp-content\/uploads\/2023\/08\/120201836_104873888050500_7334889819015780663_n-390x220.jpg 390w\" sizes=\"auto, (max-width: 837px) 100vw, 837px\" \/><\/figure>\n\n\n\n<figure class=\"wp-block-image size-full is-resized\"><img loading=\"lazy\" decoding=\"async\" src=\"http:\/\/allanproduz.com\/wp-content\/uploads\/2023\/08\/367400528_833966491433454_7859424795516701079_n.jpg\" alt=\"\" class=\"wp-image-2119\" width=\"840\" height=\"630\" srcset=\"https:\/\/allanproduz.com\/wp-content\/uploads\/2023\/08\/367400528_833966491433454_7859424795516701079_n.jpg 720w, https:\/\/allanproduz.com\/wp-content\/uploads\/2023\/08\/367400528_833966491433454_7859424795516701079_n-300x225.jpg 300w\" sizes=\"auto, (max-width: 840px) 100vw, 840px\" \/><\/figure>\n","protected":false},"excerpt":{"rendered":"<p>A RedeTV oficializou a contrata\u00e7\u00e3o do jornalista Le\u00e3o Lobo, o novo contratado j\u00e1 tem data para estrear, a sua estreia \u00e9 segunda dia 21, \u00e0s 10h25 no programa &#8221; Vou Te Contar&#8220;, ele vai ter um quadro chamado &#8221; Nas Garras do Le\u00e3o &#8220;. A contrata\u00e7\u00e3o do Le\u00e3o Lobo refor\u00e7a o time de jornalistas especializados &hellip;<\/p>\n","protected":false},"author":3,"featured_media":1326,"comment_status":"open","ping_status":"open","sticky":false,"template":"","format":"standard","meta":{"_joinchat":[],"footnotes":""},"categories":[21],"tags":[],"class_list":["post-2117","post","type-post","status-publish","format-standard","has-post-thumbnail","hentry","category-acontece-na-tv"],"aioseo_notices":[],"_links":{"self":[{"href":"https:\/\/allanproduz.com\/index.php?rest_route=\/wp\/v2\/posts\/2117","targetHints":{"allow":["GET"]}}],"collection":[{"href":"https:\/\/allanproduz.com\/index.php?rest_route=\/wp\/v2\/posts"}],"about":[{"href":"https:\/\/allanproduz.com\/index.php?rest_route=\/wp\/v2\/types\/post"}],"author":[{"embeddable":true,"href":"https:\/\/allanproduz.com\/index.php?rest_route=\/wp\/v2\/users\/3"}],"replies":[{"embeddable":true,"href":"https:\/\/allanproduz.com\/index.php?rest_route=%2Fwp%2Fv2%2Fcomments&post=2117"}],"version-history":[{"count":1,"href":"https:\/\/allanproduz.com\/index.php?rest_route=\/wp\/v2\/posts\/2117\/revisions"}],"predecessor-version":[{"id":2120,"href":"https:\/\/allanproduz.com\/index.php?rest_route=\/wp\/v2\/posts\/2117\/revisions\/2120"}],"wp:featuredmedia":[{"embeddable":true,"href":"https:\/\/allanproduz.com\/index.php?rest_route=\/wp\/v2\/media\/1326"}],"wp:attachment":[{"href":"https:\/\/allanproduz.com\/index.php?rest_route=%2Fwp%2Fv2%2Fmedia&parent=2117"}],"wp:term":[{"taxonomy":"category","embeddable":true,"href":"https:\/\/allanproduz.com\/index.php?rest_route=%2Fwp%2Fv2%2Fcategories&post=2117"},{"taxonomy":"post_tag","embeddable":true,"href":"https:\/\/allanproduz.com\/index.php?rest_route=%2Fwp%2Fv2%2Ftags&post=2117"}],"curies":[{"name":"wp","href":"https:\/\/api.w.org\/{rel}","templated":true}]}}