{"id":14456,"date":"2026-05-01T09:55:13","date_gmt":"2026-05-01T12:55:13","guid":{"rendered":"https:\/\/allanproduz.com\/?p=14456"},"modified":"2026-05-01T09:55:13","modified_gmt":"2026-05-01T12:55:13","slug":"lucas-tv-estreia-mascote","status":"publish","type":"post","link":"https:\/\/allanproduz.com\/?p=14456","title":{"rendered":"Lucas TV estreia mascote"},"content":{"rendered":"<p>A<strong> Lucas TV<\/strong> j\u00e1 mostrou que tem personalidade e veio para ser diferente e procura inovar. Isso vem acontecendo com muita for\u00e7a desde do come\u00e7o de 2026. O mascote estreou antes da abertura oficial da grade na faixa das 18h. Sinalizando que a grade estava sendo preparada para o p\u00fablico. A grade vem sendo pensada com muito carinho para todos. A tend\u00eancia \u00e9 que esse mascote apare\u00e7a mais vezes na grade.<\/p>\n<p>PS : A Boa do Allan<\/p>\n<div id=\"main\"><main id=\"main-content\">&nbsp;<\/p>\n<div class=\"\">\n<div id=\"content\">\n<div id=\"formfield-form-widgets-resposta\" class=\"field kssattr-fieldname-form.widgets.resposta\">\n<div id=\"form-widgets-resposta\" class=\"richTextWidget richtext-field\">\n<div class=\"visualClear\">*Primeira ter\u00e7a-feira de maio \u2013\u00a0<b>Dia Mundial de Combate a\u00a0<a class=\"external-link\" title=\"Asma\" href=\"https:\/\/www.gov.br\/saude\/pt-br\/assuntos\/saude-de-a-a-z\/a\/asma\" target=\"_blank\" rel=\"noopener\" data-tippreview-enabled=\"false\" data-tippreview-image=\"\" data-tippreview-title=\"\">Asma<\/a><\/b><\/div>\n<div class=\"visualClear\">*3\u00aa Semana \u2013<b>\u00a0Semana Nacional de Conscientiza\u00e7\u00e3o sobre Alergia Alimentar\u00a0<\/b><span class=\"discreet\">(Data institu\u00edda pela\u00a0<a href=\"http:\/\/www.planalto.gov.br\/ccivil_03\/_ato2023-2026\/2023\/lei\/L14731.htm\">Lei n\u00ba 14.731\/2023<\/a>)<\/span><br \/>\n*3\u00aa quinta-feira do m\u00eas \u2013<b>\u00a0Dia Global de Conscientiza\u00e7\u00e3o sobre Acessibilidade<\/b><\/div>\n<div class=\"visualClear\"><\/div>\n<ul>\n<li>07\/05 \u2013\u00a0<strong>Dia Internacional da Luta contra a\u00a0<a class=\"external-link\" title=\"Endometriose\" href=\"https:\/\/www.gov.br\/saude\/pt-br\/assuntos\/saude-de-a-a-z\/e\/endometriose\" target=\"_blank\" rel=\"noopener\" data-tippreview-enabled=\"false\" data-tippreview-image=\"\" data-tippreview-title=\"\">Endometriose<\/a><\/strong><\/li>\n<li>08\/05 \u2013\u00a0<strong>Dia Internacional da Cruz Vermelha<\/strong><\/li>\n<li>08\/05 \u2013\u00a0<strong>Dia da\u00a0<a class=\"external-link\" title=\"Talassemia\" href=\"https:\/\/www.gov.br\/saude\/pt-br\/assuntos\/saude-de-a-a-z\/t\/talassemia\" target=\"_blank\" rel=\"noopener\" data-tippreview-enabled=\"false\" data-tippreview-image=\"\" data-tippreview-title=\"\">Talassemia<\/a><\/strong><\/li>\n<li>08\/05 \u2013<b>\u00a0Dia Mundial do C\u00e2ncer de Ov\u00e1rio<\/b><\/li>\n<li>10\/05 \u2013\u00a0<strong>Dia Mundial do\u00a0<a class=\"external-link\" title=\"L\u00fapus\" href=\"https:\/\/www.gov.br\/saude\/pt-br\/assuntos\/saude-de-a-a-z\/l\/lupus\" target=\"_blank\" rel=\"noopener\" data-tippreview-enabled=\"false\" data-tippreview-image=\"\" data-tippreview-title=\"\">L\u00fapus<\/a><\/strong><\/li>\n<li>12\/05 \u2013\u00a0<strong>Dia da Conscientiza\u00e7\u00e3o da Fibromialgia e Fadiga Cr\u00f4nica<\/strong><\/li>\n<li>16\/05 \u2013<b>\u00a0Dia Mundial de\u00a0Conscientiza\u00e7\u00e3o sobre a Doen\u00e7a Cel\u00edaca<\/b><\/li>\n<li>17\/05 \u2013\u00a0<strong>Dia Mundial da\u00a0<a class=\"external-link\" title=\"Hipertens\u00e3o Arterial\" href=\"https:\/\/www.gov.br\/saude\/pt-br\/assuntos\/saude-de-a-a-z\/h\/hipertensao\" target=\"_blank\" rel=\"noopener\" data-tippreview-enabled=\"false\" data-tippreview-image=\"\" data-tippreview-title=\"\">Hipertens\u00e3o Arterial<\/a><\/strong><\/li>\n<li>18\/05 \u2013\u00a0<strong>Dia Nacional da Luta Antimanicomial<\/strong><\/li>\n<li>18\/05 \u2013<b>\u00a0Dia de Conscientiza\u00e7\u00e3o sobre a Necessidade de Vacina Contra\u00a0<a class=\"external-link\" title=\"HIV\/Aids\" href=\"https:\/\/www.gov.br\/saude\/pt-br\/assuntos\/saude-de-a-a-z\/a\/aids-hiv\" target=\"_blank\" rel=\"noopener\" data-tippreview-enabled=\"false\" data-tippreview-image=\"\" data-tippreview-title=\"\">HIV\/Aids<\/a><\/b><\/li>\n<li>19\/05 \u2013<b>\u00a0Dia e Semana Nacional de\u00a0<a class=\"external-link\" title=\"Doa\u00e7\u00e3o do Leite Humano\" href=\"https:\/\/www.gov.br\/saude\/pt-br\/assuntos\/saude-de-a-a-z\/d\/doacao-de-leite\" target=\"_blank\" rel=\"noopener\" data-tippreview-enabled=\"false\" data-tippreview-image=\"\" data-tippreview-title=\"\">Doa\u00e7\u00e3o do Leite Humano<\/a><\/b><span class=\"discreet\">(Datas institu\u00eddas pela\u00a0<a href=\"https:\/\/www.planalto.gov.br\/ccivil_03\/_ato2015-2018\/2015\/lei\/l13227.htm\">Lei n\u00ba 13.227\/2015<\/a>)<\/span><\/li>\n<li>19\/05 \u2013<b>\u00a0Dia Nacional de Combate \u00e0 Cefaleia<\/b><\/li>\n<li>24\/05 \u2013<b>\u00a0Dia Nacional de Conscientiza\u00e7\u00e3o sobre a Esquizofrenia\u00a0<\/b><span class=\"discreet\">(Data institu\u00edda pela\u00a0<a href=\"http:\/\/www.planalto.gov.br\/ccivil_03\/_ato2023-2026\/2024\/lei\/L14860.htm\">Lei n\u00ba 14.860\/2024<\/a>)<\/span><\/li>\n<li>25\/05 \u2013\u00a0<strong>Dia Internacional da Tireoide<\/strong><\/li>\n<li>26\/05 \u2013<strong>\u00a0Dia Nacional de Combate ao Glaucoma.\u00a0<\/strong><span class=\"discreet\">(Data institu\u00edda pela\u00a0<a href=\"http:\/\/www.planalto.gov.br\/ccivil_03\/Leis\/2002\/L10456.htm\">Lei n\u00ba 10.456\/2002<\/a>)<\/span><strong><br \/>\n<\/strong><\/li>\n<li>28\/05 \u2013\u00a0<strong>Dia Internacional de A\u00e7\u00e3o pela\u00a0<a class=\"external-link\" title=\"Sa\u00fade da Mulher\" href=\"https:\/\/www.gov.br\/saude\/pt-br\/assuntos\/saude-de-a-a-z\/s\/saude-da-mulher\" target=\"_blank\" rel=\"noopener\" data-tippreview-enabled=\"false\" data-tippreview-image=\"\" data-tippreview-title=\"\">Sa\u00fade da Mulher<\/a><\/strong><\/li>\n<li>28\/05 \u2013\u00a0<strong>Dia Nacional de Redu\u00e7\u00e3o da Mortalidade Materna<\/strong><\/li>\n<li>30\/05 \u2013\u00a0<b>Dia Mundial da Esclerose M\u00faltipla<\/b><\/li>\n<li>31\/05 \u2013\u00a0<strong>O Dia Mundial Sem Tabaco<\/strong><\/li>\n<\/ul>\n<\/div>\n<\/div>\n<\/div>\n<\/div>\n<div id=\"viewlet-below-content\">PPS; Campanhas\u00a0 do m\u00eas de maio<\/div>\n<p>&nbsp;<\/p>\n<p><\/main><\/div>\n<div><\/div>\n<div>Maio Amarelo \u2013\u00a0 Redu\u00e7\u00e3o de acidentes de tr\u00e2nsito<\/div>\n<div>Maio Vermelho\u00a0 \u2013 Preven\u00e7\u00e3o sobre Hepatites Virais<\/div>\n<div>Maio Laranja \u2013 Contra a Explora\u00e7\u00e3o a viol\u00eancia sexual infantil no Brasil<\/div>\n<div>Maio Roxo \u2013 Doen\u00e7as inflamat\u00f3rias intestinais<\/div>\n<div>Maio Cinza \u2013 Combate ao c\u00e3ncer cerebral<\/div>\n<div><\/div>\n<div><\/div>\n<p style=\"text-align: center;\">OFERECIMENTOS<\/p>\n<p><img loading=\"lazy\" decoding=\"async\" class=\"aligncenter size-medium wp-image-14083\" src=\"http:\/\/allanproduz.com\/wp-content\/uploads\/2026\/04\/668769016_2086573741916562_7790921348407622680_n2-300x300.jpg\" alt=\"\" width=\"300\" height=\"300\" srcset=\"https:\/\/allanproduz.com\/wp-content\/uploads\/2026\/04\/668769016_2086573741916562_7790921348407622680_n2-300x300.jpg 300w, https:\/\/allanproduz.com\/wp-content\/uploads\/2026\/04\/668769016_2086573741916562_7790921348407622680_n2-150x150.jpg 150w, https:\/\/allanproduz.com\/wp-content\/uploads\/2026\/04\/668769016_2086573741916562_7790921348407622680_n2.jpg 479w\" sizes=\"auto, (max-width: 300px) 100vw, 300px\" \/><\/p>\n<p><img loading=\"lazy\" decoding=\"async\" class=\"aligncenter size-medium wp-image-14137\" src=\"http:\/\/allanproduz.com\/wp-content\/uploads\/2026\/04\/669126229_2088997428340860_7708675562223076666_n-300x300.jpg\" alt=\"\" width=\"300\" height=\"300\" srcset=\"https:\/\/allanproduz.com\/wp-content\/uploads\/2026\/04\/669126229_2088997428340860_7708675562223076666_n-300x300.jpg 300w, https:\/\/allanproduz.com\/wp-content\/uploads\/2026\/04\/669126229_2088997428340860_7708675562223076666_n-150x150.jpg 150w, https:\/\/allanproduz.com\/wp-content\/uploads\/2026\/04\/669126229_2088997428340860_7708675562223076666_n.jpg 479w\" sizes=\"auto, (max-width: 300px) 100vw, 300px\" \/><\/p>\n","protected":false},"excerpt":{"rendered":"<p>A Lucas TV j\u00e1 mostrou que tem personalidade e veio para ser diferente e procura inovar. Isso vem acontecendo com muita for\u00e7a desde do come\u00e7o de 2026. O mascote estreou antes da abertura oficial da grade na faixa das 18h. Sinalizando que a grade estava sendo preparada para o p\u00fablico. A grade vem sendo pensada &hellip;<\/p>\n","protected":false},"author":3,"featured_media":13061,"comment_status":"open","ping_status":"open","sticky":false,"template":"","format":"standard","meta":{"_joinchat":[],"footnotes":""},"categories":[1],"tags":[362,141,303,125,215,201,100,187,68,216],"class_list":["post-14456","post","type-post","status-publish","format-standard","has-post-thumbnail","hentry","category-sem-categoria","tag-desenhos","tag-filme","tag-filmes","tag-jornalismo","tag-lucas-tv","tag-lucastv","tag-novela","tag-novelas","tag-tv","tag-webtv"],"aioseo_notices":[],"_links":{"self":[{"href":"https:\/\/allanproduz.com\/index.php?rest_route=\/wp\/v2\/posts\/14456","targetHints":{"allow":["GET"]}}],"collection":[{"href":"https:\/\/allanproduz.com\/index.php?rest_route=\/wp\/v2\/posts"}],"about":[{"href":"https:\/\/allanproduz.com\/index.php?rest_route=\/wp\/v2\/types\/post"}],"author":[{"embeddable":true,"href":"https:\/\/allanproduz.com\/index.php?rest_route=\/wp\/v2\/users\/3"}],"replies":[{"embeddable":true,"href":"https:\/\/allanproduz.com\/index.php?rest_route=%2Fwp%2Fv2%2Fcomments&post=14456"}],"version-history":[{"count":1,"href":"https:\/\/allanproduz.com\/index.php?rest_route=\/wp\/v2\/posts\/14456\/revisions"}],"predecessor-version":[{"id":14457,"href":"https:\/\/allanproduz.com\/index.php?rest_route=\/wp\/v2\/posts\/14456\/revisions\/14457"}],"wp:featuredmedia":[{"embeddable":true,"href":"https:\/\/allanproduz.com\/index.php?rest_route=\/wp\/v2\/media\/13061"}],"wp:attachment":[{"href":"https:\/\/allanproduz.com\/index.php?rest_route=%2Fwp%2Fv2%2Fmedia&parent=14456"}],"wp:term":[{"taxonomy":"category","embeddable":true,"href":"https:\/\/allanproduz.com\/index.php?rest_route=%2Fwp%2Fv2%2Fcategories&post=14456"},{"taxonomy":"post_tag","embeddable":true,"href":"https:\/\/allanproduz.com\/index.php?rest_route=%2Fwp%2Fv2%2Ftags&post=14456"}],"curies":[{"name":"wp","href":"https:\/\/api.w.org\/{rel}","templated":true}]}}