{"id":14453,"date":"2026-05-01T09:27:25","date_gmt":"2026-05-01T12:27:25","guid":{"rendered":"https:\/\/allanproduz.com\/?p=14453"},"modified":"2026-05-01T11:34:51","modified_gmt":"2026-05-01T14:34:51","slug":"giio-de-filmes-na-tv","status":"publish","type":"post","link":"https:\/\/allanproduz.com\/?p=14453","title":{"rendered":"Giro de Filmes na TV"},"content":{"rendered":"<p>Nesta sexta 1\u00b0 de maio a 3 de maio de 2026<\/p>\n<p><strong>REDE BRASIL\u00a0<\/strong><\/p>\n<p>Olhos Famintos 2 , sexta , 00h00<\/p>\n<p><strong>RECORD<\/strong><\/p>\n<p>Como Treinar Seu Drag\u00e3o 2 <strong>, In\u00e9dito no canal<\/strong> , s\u00e1bado , 15h00<\/p>\n<p>Sobreviva ao Jogo , s\u00e1bado , 22h30<\/p>\n<p>O Plano Perfeito 2 , <strong>In\u00e9dito na TV aberta<\/strong> , domingo , 12h00<\/p>\n<p><strong>BAND\u00a0<\/strong><\/p>\n<p>A \u00daltima Aposta , sexta para s\u00e1bado , 4h00<\/p>\n<p>Consultas \u00edntimas , s\u00e1bado para domingo , 2h00<\/p>\n<p>Trapaceiros , s\u00e1bado para domingo , 4h00<\/p>\n<p>Karat\u00ea kid 3 &#8211; O Desafio , domingo , 16h00<\/p>\n<p><strong>SBT\u00a0<\/strong><\/p>\n<p>Ela \u00e9 Poderosa , s\u00e1bado , 14h45<\/p>\n<p>PS : A Boa do Allan<\/p>\n<div id=\"main\"><main id=\"main-content\">\u00a0<\/main><\/p>\n<div class=\"\">\n<div id=\"content\">\n<div id=\"formfield-form-widgets-resposta\" class=\"field kssattr-fieldname-form.widgets.resposta\">\n<div id=\"form-widgets-resposta\" class=\"richTextWidget richtext-field\">\n<div class=\"visualClear\">*Primeira ter\u00e7a-feira de maio \u2013\u00a0<b>Dia Mundial de Combate a\u00a0<a class=\"external-link\" title=\"Asma\" href=\"https:\/\/www.gov.br\/saude\/pt-br\/assuntos\/saude-de-a-a-z\/a\/asma\" target=\"_blank\" rel=\"noopener\" data-tippreview-enabled=\"false\" data-tippreview-image=\"\" data-tippreview-title=\"\">Asma<\/a><\/b><\/div>\n<div class=\"visualClear\">*3\u00aa Semana \u2013<b>\u00a0Semana Nacional de Conscientiza\u00e7\u00e3o sobre Alergia Alimentar\u00a0<\/b><span class=\"discreet\">(Data institu\u00edda pela\u00a0<a href=\"http:\/\/www.planalto.gov.br\/ccivil_03\/_ato2023-2026\/2023\/lei\/L14731.htm\">Lei n\u00ba 14.731\/2023<\/a>)<\/span><br \/>\n*3\u00aa quinta-feira do m\u00eas \u2013<b>\u00a0Dia Global de Conscientiza\u00e7\u00e3o sobre Acessibilidade<\/b><\/div>\n<div class=\"visualClear\"><\/div>\n<ul>\n<li>07\/05 \u2013\u00a0<strong>Dia Internacional da Luta contra a\u00a0<a class=\"external-link\" title=\"Endometriose\" href=\"https:\/\/www.gov.br\/saude\/pt-br\/assuntos\/saude-de-a-a-z\/e\/endometriose\" target=\"_blank\" rel=\"noopener\" data-tippreview-enabled=\"false\" data-tippreview-image=\"\" data-tippreview-title=\"\">Endometriose<\/a><\/strong><\/li>\n<li>08\/05 \u2013\u00a0<strong>Dia Internacional da Cruz Vermelha<\/strong><\/li>\n<li>08\/05 \u2013\u00a0<strong>Dia da\u00a0<a class=\"external-link\" title=\"Talassemia\" href=\"https:\/\/www.gov.br\/saude\/pt-br\/assuntos\/saude-de-a-a-z\/t\/talassemia\" target=\"_blank\" rel=\"noopener\" data-tippreview-enabled=\"false\" data-tippreview-image=\"\" data-tippreview-title=\"\">Talassemia<\/a><\/strong><\/li>\n<li>08\/05 \u2013<b>\u00a0Dia Mundial do C\u00e2ncer de Ov\u00e1rio<\/b><\/li>\n<li>10\/05 \u2013\u00a0<strong>Dia Mundial do\u00a0<a class=\"external-link\" title=\"L\u00fapus\" href=\"https:\/\/www.gov.br\/saude\/pt-br\/assuntos\/saude-de-a-a-z\/l\/lupus\" target=\"_blank\" rel=\"noopener\" data-tippreview-enabled=\"false\" data-tippreview-image=\"\" data-tippreview-title=\"\">L\u00fapus<\/a><\/strong><\/li>\n<li>12\/05 \u2013\u00a0<strong>Dia da Conscientiza\u00e7\u00e3o da Fibromialgia e Fadiga Cr\u00f4nica<\/strong><\/li>\n<li>16\/05 \u2013<b>\u00a0Dia Mundial de\u00a0Conscientiza\u00e7\u00e3o sobre a Doen\u00e7a Cel\u00edaca<\/b><\/li>\n<li>17\/05 \u2013\u00a0<strong>Dia Mundial da\u00a0<a class=\"external-link\" title=\"Hipertens\u00e3o Arterial\" href=\"https:\/\/www.gov.br\/saude\/pt-br\/assuntos\/saude-de-a-a-z\/h\/hipertensao\" target=\"_blank\" rel=\"noopener\" data-tippreview-enabled=\"false\" data-tippreview-image=\"\" data-tippreview-title=\"\">Hipertens\u00e3o Arterial<\/a><\/strong><\/li>\n<li>18\/05 \u2013\u00a0<strong>Dia Nacional da Luta Antimanicomial<\/strong><\/li>\n<li>18\/05 \u2013<b>\u00a0Dia de Conscientiza\u00e7\u00e3o sobre a Necessidade de Vacina Contra\u00a0<a class=\"external-link\" title=\"HIV\/Aids\" href=\"https:\/\/www.gov.br\/saude\/pt-br\/assuntos\/saude-de-a-a-z\/a\/aids-hiv\" target=\"_blank\" rel=\"noopener\" data-tippreview-enabled=\"false\" data-tippreview-image=\"\" data-tippreview-title=\"\">HIV\/Aids<\/a><\/b><\/li>\n<li>19\/05 \u2013<b>\u00a0Dia e Semana Nacional de\u00a0<a class=\"external-link\" title=\"Doa\u00e7\u00e3o do Leite Humano\" href=\"https:\/\/www.gov.br\/saude\/pt-br\/assuntos\/saude-de-a-a-z\/d\/doacao-de-leite\" target=\"_blank\" rel=\"noopener\" data-tippreview-enabled=\"false\" data-tippreview-image=\"\" data-tippreview-title=\"\">Doa\u00e7\u00e3o do Leite Humano<\/a><\/b><span class=\"discreet\">(Datas institu\u00eddas pela\u00a0<a href=\"https:\/\/www.planalto.gov.br\/ccivil_03\/_ato2015-2018\/2015\/lei\/l13227.htm\">Lei n\u00ba 13.227\/2015<\/a>)<\/span><\/li>\n<li>19\/05 \u2013<b>\u00a0Dia Nacional de Combate \u00e0 Cefaleia<\/b><\/li>\n<li>24\/05 \u2013<b>\u00a0Dia Nacional de Conscientiza\u00e7\u00e3o sobre a Esquizofrenia\u00a0<\/b><span class=\"discreet\">(Data institu\u00edda pela\u00a0<a href=\"http:\/\/www.planalto.gov.br\/ccivil_03\/_ato2023-2026\/2024\/lei\/L14860.htm\">Lei n\u00ba 14.860\/2024<\/a>)<\/span><\/li>\n<li>25\/05 \u2013\u00a0<strong>Dia Internacional da Tireoide<\/strong><\/li>\n<li>26\/05 \u2013<strong>\u00a0Dia Nacional de Combate ao Glaucoma.\u00a0<\/strong><span class=\"discreet\">(Data institu\u00edda pela\u00a0<a href=\"http:\/\/www.planalto.gov.br\/ccivil_03\/Leis\/2002\/L10456.htm\">Lei n\u00ba 10.456\/2002<\/a>)<\/span><strong><br \/>\n<\/strong><\/li>\n<li>28\/05 \u2013\u00a0<strong>Dia Internacional de A\u00e7\u00e3o pela\u00a0<a class=\"external-link\" title=\"Sa\u00fade da Mulher\" href=\"https:\/\/www.gov.br\/saude\/pt-br\/assuntos\/saude-de-a-a-z\/s\/saude-da-mulher\" target=\"_blank\" rel=\"noopener\" data-tippreview-enabled=\"false\" data-tippreview-image=\"\" data-tippreview-title=\"\">Sa\u00fade da Mulher<\/a><\/strong><\/li>\n<li>28\/05 \u2013\u00a0<strong>Dia Nacional de Redu\u00e7\u00e3o da Mortalidade Materna<\/strong><\/li>\n<li>30\/05 \u2013\u00a0<b>Dia Mundial da Esclerose M\u00faltipla<\/b><\/li>\n<li>31\/05 \u2013\u00a0<strong>O Dia Mundial Sem Tabaco<\/strong><\/li>\n<\/ul>\n<\/div>\n<\/div>\n<\/div>\n<\/div>\n<div id=\"viewlet-below-content\">PPS; Campanhas\u00a0 do m\u00eas de maio<\/div>\n<p>&nbsp;<\/p>\n<p>&nbsp;<\/p>\n<\/div>\n<div><\/div>\n<div>Maio Amarelo \u2013\u00a0 Redu\u00e7\u00e3o de acidentes de tr\u00e2nsito<\/div>\n<div>Maio Vermelho\u00a0 \u2013 Preven\u00e7\u00e3o sobre Hepatites Virais<\/div>\n<div>Maio Laranja \u2013 Contra a Explora\u00e7\u00e3o a viol\u00eancia sexual infantil no Brasil<\/div>\n<div>Maio Roxo \u2013 Doen\u00e7as inflamat\u00f3rias intestinais<\/div>\n<div>Maio Cinza \u2013 Combate ao c\u00e3ncer cerebral<\/div>\n<div><\/div>\n<div><\/div>\n<p style=\"text-align: center;\">OFERECIMENTO<\/p>\n<p><img loading=\"lazy\" decoding=\"async\" class=\"aligncenter size-medium wp-image-14137\" src=\"http:\/\/allanproduz.com\/wp-content\/uploads\/2026\/04\/669126229_2088997428340860_7708675562223076666_n-300x300.jpg\" alt=\"\" width=\"300\" height=\"300\" srcset=\"https:\/\/allanproduz.com\/wp-content\/uploads\/2026\/04\/669126229_2088997428340860_7708675562223076666_n-300x300.jpg 300w, https:\/\/allanproduz.com\/wp-content\/uploads\/2026\/04\/669126229_2088997428340860_7708675562223076666_n-150x150.jpg 150w, https:\/\/allanproduz.com\/wp-content\/uploads\/2026\/04\/669126229_2088997428340860_7708675562223076666_n.jpg 479w\" sizes=\"auto, (max-width: 300px) 100vw, 300px\" \/><\/p>\n<p><img loading=\"lazy\" decoding=\"async\" class=\"aligncenter size-medium wp-image-14083\" src=\"http:\/\/allanproduz.com\/wp-content\/uploads\/2026\/04\/668769016_2086573741916562_7790921348407622680_n2-300x300.jpg\" alt=\"\" width=\"300\" height=\"300\" srcset=\"https:\/\/allanproduz.com\/wp-content\/uploads\/2026\/04\/668769016_2086573741916562_7790921348407622680_n2-300x300.jpg 300w, https:\/\/allanproduz.com\/wp-content\/uploads\/2026\/04\/668769016_2086573741916562_7790921348407622680_n2-150x150.jpg 150w, https:\/\/allanproduz.com\/wp-content\/uploads\/2026\/04\/668769016_2086573741916562_7790921348407622680_n2.jpg 479w\" sizes=\"auto, (max-width: 300px) 100vw, 300px\" \/><\/p>\n<p>&nbsp;<\/p>\n<p>&nbsp;<\/p>\n<p>&nbsp;<\/p>\n","protected":false},"excerpt":{"rendered":"<p>Nesta sexta 1\u00b0 de maio a 3 de maio de 2026 REDE BRASIL\u00a0 Olhos Famintos 2 , sexta , 00h00 RECORD Como Treinar Seu Drag\u00e3o 2 , In\u00e9dito no canal , s\u00e1bado , 15h00 Sobreviva ao Jogo , s\u00e1bado , 22h30 O Plano Perfeito 2 , In\u00e9dito na TV aberta , domingo , 12h00 BAND\u00a0 &hellip;<\/p>\n","protected":false},"author":3,"featured_media":11555,"comment_status":"open","ping_status":"open","sticky":false,"template":"","format":"standard","meta":{"_joinchat":[],"footnotes":""},"categories":[1],"tags":[41,267,141,303,125,51,74,179,43,214,68],"class_list":["post-14453","post","type-post","status-publish","format-standard","has-post-thumbnail","hentry","category-sem-categoria","tag-band","tag-domingo","tag-filme","tag-filmes","tag-jornalismo","tag-record","tag-rede-brasil","tag-sabado","tag-sbt","tag-sexta","tag-tv"],"aioseo_notices":[],"_links":{"self":[{"href":"https:\/\/allanproduz.com\/index.php?rest_route=\/wp\/v2\/posts\/14453","targetHints":{"allow":["GET"]}}],"collection":[{"href":"https:\/\/allanproduz.com\/index.php?rest_route=\/wp\/v2\/posts"}],"about":[{"href":"https:\/\/allanproduz.com\/index.php?rest_route=\/wp\/v2\/types\/post"}],"author":[{"embeddable":true,"href":"https:\/\/allanproduz.com\/index.php?rest_route=\/wp\/v2\/users\/3"}],"replies":[{"embeddable":true,"href":"https:\/\/allanproduz.com\/index.php?rest_route=%2Fwp%2Fv2%2Fcomments&post=14453"}],"version-history":[{"count":2,"href":"https:\/\/allanproduz.com\/index.php?rest_route=\/wp\/v2\/posts\/14453\/revisions"}],"predecessor-version":[{"id":14461,"href":"https:\/\/allanproduz.com\/index.php?rest_route=\/wp\/v2\/posts\/14453\/revisions\/14461"}],"wp:featuredmedia":[{"embeddable":true,"href":"https:\/\/allanproduz.com\/index.php?rest_route=\/wp\/v2\/media\/11555"}],"wp:attachment":[{"href":"https:\/\/allanproduz.com\/index.php?rest_route=%2Fwp%2Fv2%2Fmedia&parent=14453"}],"wp:term":[{"taxonomy":"category","embeddable":true,"href":"https:\/\/allanproduz.com\/index.php?rest_route=%2Fwp%2Fv2%2Fcategories&post=14453"},{"taxonomy":"post_tag","embeddable":true,"href":"https:\/\/allanproduz.com\/index.php?rest_route=%2Fwp%2Fv2%2Ftags&post=14453"}],"curies":[{"name":"wp","href":"https:\/\/api.w.org\/{rel}","templated":true}]}}