{"id":14438,"date":"2026-04-30T09:27:45","date_gmt":"2026-04-30T12:27:45","guid":{"rendered":"https:\/\/allanproduz.com\/?p=14438"},"modified":"2026-04-30T16:50:31","modified_gmt":"2026-04-30T19:50:31","slug":"rede-brasil-nao-esconde-satisfacao","status":"publish","type":"post","link":"https:\/\/allanproduz.com\/?p=14438","title":{"rendered":"Rede Brasil n\u00e3o  esconde satisfa\u00e7\u00e3o"},"content":{"rendered":"<p><strong>Rede Brasil<\/strong> n\u00e3o esconde satisfa\u00e7\u00e3o com o programa Beleza &amp; Vida com Carol Minhoto. O programa vem agradando de ponta a ponta e desde a estreia vem ficado na cola da TV Gazeta. Um dos maiores acertos do canal do ano de 2026.\u00a0 Com tr\u00eas meses no ar j\u00e1 superou as expectativas do canal em todos os sentidos. O programa \u00e9 sempre de segunda a sexta , \u00e0s 13h.<\/p>\n<p>PS : A Boa do Allan<\/p>\n<p><strong class=\"Yjhzub\" data-sfc-root=\"c\" data-sfc-cb=\"\">Abril Azul (Conscientiza\u00e7\u00e3o sobre o Autismo) 2 de abril\u00a0<\/strong><\/p>\n<p><span class=\"T286Pc\" data-sfc-cp=\"\" data-sfc-root=\"c\" data-sfc-cb=\"\"><strong class=\"Yjhzub\" data-sfc-root=\"c\" data-sfc-cb=\"\">Abril Verde (Seguran\u00e7a e Sa\u00fade no Trabalho): 28 de abril\u00a0\u00a0<\/strong><\/span><\/p>\n<p><span class=\"T286Pc\" data-sfc-cp=\"\" data-sfc-root=\"c\" data-sfc-cb=\"\"><strong class=\"Yjhzub\" data-sfc-root=\"c\" data-sfc-cb=\"\">04\/04:<\/strong>\u00a0Dia Nacional do Portador da Doen\u00e7a de Parkinson.<\/span><\/p>\n<p><span class=\"T286Pc\" data-sfc-cp=\"\" data-sfc-root=\"c\" data-sfc-cb=\"\"><strong class=\"Yjhzub\" data-sfc-root=\"c\" data-sfc-cb=\"\">07\/04:<\/strong>\u00a0Dia Mundial da Sa\u00fade.<\/span><\/p>\n<p><span class=\"T286Pc\" data-sfc-cp=\"\" data-sfc-root=\"c\" data-sfc-cb=\"\"><strong class=\"Yjhzub\" data-sfc-root=\"c\" data-sfc-cb=\"\">08\/04:<\/strong>\u00a0Dia Mundial de Luta Contra o C\u00e2ncer.<\/span><\/p>\n<p><span class=\"T286Pc\" data-sfc-cp=\"\" data-sfc-root=\"c\" data-sfc-cb=\"\"><strong class=\"Yjhzub\" data-sfc-root=\"c\" data-sfc-cb=\"\">14\/04:<\/strong>\u00a0Dia Mundial da Doen\u00e7a de Chagas.<\/span><\/p>\n<p><span class=\"T286Pc\" data-sfc-cp=\"\" data-sfc-root=\"c\" data-sfc-cb=\"\"><strong class=\"Yjhzub\" data-sfc-root=\"c\" data-sfc-cb=\"\">26\/04:<\/strong>\u00a0Dia Nacional de Preven\u00e7\u00e3o e Combate \u00e0 Hipertens\u00e3o Arterial.<\/span><\/p>\n<p><span class=\"T286Pc\" data-sfc-cp=\"\" data-sfc-root=\"c\" data-sfc-cb=\"\"><strong class=\"Yjhzub\" data-sfc-root=\"c\" data-sfc-cb=\"\">24 a 30\/04:<\/strong>\u00a0Semana Mundial da Imuniza\u00e7\u00e3o<\/span><\/p>\n<p style=\"text-align: center;\">OFERECIMENTO<\/p>\n<p><img loading=\"lazy\" decoding=\"async\" class=\"aligncenter size-medium wp-image-14137\" src=\"http:\/\/allanproduz.com\/wp-content\/uploads\/2026\/04\/669126229_2088997428340860_7708675562223076666_n-300x300.jpg\" alt=\"\" width=\"300\" height=\"300\" srcset=\"https:\/\/allanproduz.com\/wp-content\/uploads\/2026\/04\/669126229_2088997428340860_7708675562223076666_n-300x300.jpg 300w, https:\/\/allanproduz.com\/wp-content\/uploads\/2026\/04\/669126229_2088997428340860_7708675562223076666_n-150x150.jpg 150w, https:\/\/allanproduz.com\/wp-content\/uploads\/2026\/04\/669126229_2088997428340860_7708675562223076666_n.jpg 479w\" sizes=\"auto, (max-width: 300px) 100vw, 300px\" \/><\/p>\n<p><img loading=\"lazy\" decoding=\"async\" class=\"aligncenter size-medium wp-image-14083\" src=\"http:\/\/allanproduz.com\/wp-content\/uploads\/2026\/04\/668769016_2086573741916562_7790921348407622680_n2-300x300.jpg\" alt=\"\" width=\"300\" height=\"300\" srcset=\"https:\/\/allanproduz.com\/wp-content\/uploads\/2026\/04\/668769016_2086573741916562_7790921348407622680_n2-300x300.jpg 300w, https:\/\/allanproduz.com\/wp-content\/uploads\/2026\/04\/668769016_2086573741916562_7790921348407622680_n2-150x150.jpg 150w, https:\/\/allanproduz.com\/wp-content\/uploads\/2026\/04\/668769016_2086573741916562_7790921348407622680_n2.jpg 479w\" sizes=\"auto, (max-width: 300px) 100vw, 300px\" \/><\/p>\n","protected":false},"excerpt":{"rendered":"<p>Rede Brasil n\u00e3o esconde satisfa\u00e7\u00e3o com o programa Beleza &amp; Vida com Carol Minhoto. O programa vem agradando de ponta a ponta e desde a estreia vem ficado na cola da TV Gazeta. Um dos maiores acertos do canal do ano de 2026.\u00a0 Com tr\u00eas meses no ar j\u00e1 superou as expectativas do canal em &hellip;<\/p>\n","protected":false},"author":3,"featured_media":12603,"comment_status":"open","ping_status":"open","sticky":false,"template":"","format":"standard","meta":{"_joinchat":[],"footnotes":""},"categories":[1],"tags":[125,206,68,62],"class_list":["post-14438","post","type-post","status-publish","format-standard","has-post-thumbnail","hentry","category-sem-categoria","tag-jornalismo","tag-noticias-da-televisao","tag-tv","tag-tv-brasil"],"aioseo_notices":[],"_links":{"self":[{"href":"https:\/\/allanproduz.com\/index.php?rest_route=\/wp\/v2\/posts\/14438","targetHints":{"allow":["GET"]}}],"collection":[{"href":"https:\/\/allanproduz.com\/index.php?rest_route=\/wp\/v2\/posts"}],"about":[{"href":"https:\/\/allanproduz.com\/index.php?rest_route=\/wp\/v2\/types\/post"}],"author":[{"embeddable":true,"href":"https:\/\/allanproduz.com\/index.php?rest_route=\/wp\/v2\/users\/3"}],"replies":[{"embeddable":true,"href":"https:\/\/allanproduz.com\/index.php?rest_route=%2Fwp%2Fv2%2Fcomments&post=14438"}],"version-history":[{"count":2,"href":"https:\/\/allanproduz.com\/index.php?rest_route=\/wp\/v2\/posts\/14438\/revisions"}],"predecessor-version":[{"id":14444,"href":"https:\/\/allanproduz.com\/index.php?rest_route=\/wp\/v2\/posts\/14438\/revisions\/14444"}],"wp:featuredmedia":[{"embeddable":true,"href":"https:\/\/allanproduz.com\/index.php?rest_route=\/wp\/v2\/media\/12603"}],"wp:attachment":[{"href":"https:\/\/allanproduz.com\/index.php?rest_route=%2Fwp%2Fv2%2Fmedia&parent=14438"}],"wp:term":[{"taxonomy":"category","embeddable":true,"href":"https:\/\/allanproduz.com\/index.php?rest_route=%2Fwp%2Fv2%2Fcategories&post=14438"},{"taxonomy":"post_tag","embeddable":true,"href":"https:\/\/allanproduz.com\/index.php?rest_route=%2Fwp%2Fv2%2Ftags&post=14438"}],"curies":[{"name":"wp","href":"https:\/\/api.w.org\/{rel}","templated":true}]}}