{"id":14434,"date":"2026-04-30T08:52:19","date_gmt":"2026-04-30T11:52:19","guid":{"rendered":"https:\/\/allanproduz.com\/?p=14434"},"modified":"2026-04-30T08:52:19","modified_gmt":"2026-04-30T11:52:19","slug":"ebc-com-tudo-em-amazonas","status":"publish","type":"post","link":"https:\/\/allanproduz.com\/?p=14434","title":{"rendered":"EBC com tudo em Amazonas"},"content":{"rendered":"<p>A EBC (<strong> Empresa Brasil de Comunica\u00e7\u00e3o<\/strong> ) deu um passo importante no estado de Amazonas , o estado \u00e9 o primeiro a ter 100% de acesso a TV P\u00fablica. \u00c9 poss\u00edvel ter acesso\u00a0 ao<strong> Canal gov<\/strong> , <strong>TV Brasil<\/strong> e <strong>TV Educa\u00e7\u00e3o<\/strong>. \u00c9 poss\u00edvel conferir at\u00e9 o programa A voz do Brasil pela TV ao vivo atrav\u00e9s do canal gov. A voz do Brasil completa 90 anos.<\/p>\n<p><img loading=\"lazy\" decoding=\"async\" class=\"aligncenter size-medium wp-image-1501\" src=\"http:\/\/allanproduz.com\/wp-content\/uploads\/2023\/07\/canalgov_tvbrasil_secom-Large-300x168.jpeg\" alt=\"\" width=\"300\" height=\"168\" srcset=\"https:\/\/allanproduz.com\/wp-content\/uploads\/2023\/07\/canalgov_tvbrasil_secom-Large-300x168.jpeg 300w, https:\/\/allanproduz.com\/wp-content\/uploads\/2023\/07\/canalgov_tvbrasil_secom-Large-1024x572.jpeg 1024w, https:\/\/allanproduz.com\/wp-content\/uploads\/2023\/07\/canalgov_tvbrasil_secom-Large-768x429.jpeg 768w, https:\/\/allanproduz.com\/wp-content\/uploads\/2023\/07\/canalgov_tvbrasil_secom-Large-390x220.jpeg 390w, https:\/\/allanproduz.com\/wp-content\/uploads\/2023\/07\/canalgov_tvbrasil_secom-Large.jpeg 1280w\" sizes=\"auto, (max-width: 300px) 100vw, 300px\" \/><\/p>\n<p><img loading=\"lazy\" decoding=\"async\" class=\"aligncenter size-medium wp-image-1741\" src=\"http:\/\/allanproduz.com\/wp-content\/uploads\/2023\/08\/364754735_277183911623091_7376862482960307466_n-300x166.jpg\" alt=\"\" width=\"300\" height=\"166\" srcset=\"https:\/\/allanproduz.com\/wp-content\/uploads\/2023\/08\/364754735_277183911623091_7376862482960307466_n-300x166.jpg 300w, https:\/\/allanproduz.com\/wp-content\/uploads\/2023\/08\/364754735_277183911623091_7376862482960307466_n-768x426.jpg 768w, https:\/\/allanproduz.com\/wp-content\/uploads\/2023\/08\/364754735_277183911623091_7376862482960307466_n.jpg 860w\" sizes=\"auto, (max-width: 300px) 100vw, 300px\" \/><\/p>\n<p>&nbsp;<\/p>\n<p>PS : A Boa do Allan<\/p>\n<p><strong class=\"Yjhzub\" data-sfc-root=\"c\" data-sfc-cb=\"\">Abril Azul (Conscientiza\u00e7\u00e3o sobre o Autismo) 2 de abril\u00a0<\/strong><\/p>\n<p><span class=\"T286Pc\" data-sfc-cp=\"\" data-sfc-root=\"c\" data-sfc-cb=\"\"><strong class=\"Yjhzub\" data-sfc-root=\"c\" data-sfc-cb=\"\">Abril Verde (Seguran\u00e7a e Sa\u00fade no Trabalho): 28 de abril\u00a0\u00a0<\/strong><\/span><\/p>\n<p><span class=\"T286Pc\" data-sfc-cp=\"\" data-sfc-root=\"c\" data-sfc-cb=\"\"><strong class=\"Yjhzub\" data-sfc-root=\"c\" data-sfc-cb=\"\">04\/04:<\/strong>\u00a0Dia Nacional do Portador da Doen\u00e7a de Parkinson.<\/span><\/p>\n<p><span class=\"T286Pc\" data-sfc-cp=\"\" data-sfc-root=\"c\" data-sfc-cb=\"\"><strong class=\"Yjhzub\" data-sfc-root=\"c\" data-sfc-cb=\"\">07\/04:<\/strong>\u00a0Dia Mundial da Sa\u00fade.<\/span><\/p>\n<p><span class=\"T286Pc\" data-sfc-cp=\"\" data-sfc-root=\"c\" data-sfc-cb=\"\"><strong class=\"Yjhzub\" data-sfc-root=\"c\" data-sfc-cb=\"\">08\/04:<\/strong>\u00a0Dia Mundial de Luta Contra o C\u00e2ncer.<\/span><\/p>\n<p><span class=\"T286Pc\" data-sfc-cp=\"\" data-sfc-root=\"c\" data-sfc-cb=\"\"><strong class=\"Yjhzub\" data-sfc-root=\"c\" data-sfc-cb=\"\">14\/04:<\/strong>\u00a0Dia Mundial da Doen\u00e7a de Chagas.<\/span><\/p>\n<p><span class=\"T286Pc\" data-sfc-cp=\"\" data-sfc-root=\"c\" data-sfc-cb=\"\"><strong class=\"Yjhzub\" data-sfc-root=\"c\" data-sfc-cb=\"\">26\/04:<\/strong>\u00a0Dia Nacional de Preven\u00e7\u00e3o e Combate \u00e0 Hipertens\u00e3o Arterial.<\/span><\/p>\n<p><span class=\"T286Pc\" data-sfc-cp=\"\" data-sfc-root=\"c\" data-sfc-cb=\"\"><strong class=\"Yjhzub\" data-sfc-root=\"c\" data-sfc-cb=\"\">24 a 30\/04:<\/strong>\u00a0Semana Mundial da Imuniza\u00e7\u00e3o<\/span><\/p>\n<p>OFERECIMENTO<\/p>\n","protected":false},"excerpt":{"rendered":"<p>A EBC ( Empresa Brasil de Comunica\u00e7\u00e3o ) deu um passo importante no estado de Amazonas , o estado \u00e9 o primeiro a ter 100% de acesso a TV P\u00fablica. \u00c9 poss\u00edvel ter acesso\u00a0 ao Canal gov , TV Brasil e TV Educa\u00e7\u00e3o. \u00c9 poss\u00edvel conferir at\u00e9 o programa A voz do Brasil pela TV &hellip;<\/p>\n","protected":false},"author":3,"featured_media":1653,"comment_status":"open","ping_status":"open","sticky":false,"template":"","format":"standard","meta":{"_joinchat":[],"footnotes":""},"categories":[1],"tags":[112,1180,125,206,68,62],"class_list":["post-14434","post","type-post","status-publish","format-standard","has-post-thumbnail","hentry","category-sem-categoria","tag-canal-gov","tag-ebc","tag-jornalismo","tag-noticias-da-televisao","tag-tv","tag-tv-brasil"],"aioseo_notices":[],"_links":{"self":[{"href":"https:\/\/allanproduz.com\/index.php?rest_route=\/wp\/v2\/posts\/14434","targetHints":{"allow":["GET"]}}],"collection":[{"href":"https:\/\/allanproduz.com\/index.php?rest_route=\/wp\/v2\/posts"}],"about":[{"href":"https:\/\/allanproduz.com\/index.php?rest_route=\/wp\/v2\/types\/post"}],"author":[{"embeddable":true,"href":"https:\/\/allanproduz.com\/index.php?rest_route=\/wp\/v2\/users\/3"}],"replies":[{"embeddable":true,"href":"https:\/\/allanproduz.com\/index.php?rest_route=%2Fwp%2Fv2%2Fcomments&post=14434"}],"version-history":[{"count":1,"href":"https:\/\/allanproduz.com\/index.php?rest_route=\/wp\/v2\/posts\/14434\/revisions"}],"predecessor-version":[{"id":14435,"href":"https:\/\/allanproduz.com\/index.php?rest_route=\/wp\/v2\/posts\/14434\/revisions\/14435"}],"wp:featuredmedia":[{"embeddable":true,"href":"https:\/\/allanproduz.com\/index.php?rest_route=\/wp\/v2\/media\/1653"}],"wp:attachment":[{"href":"https:\/\/allanproduz.com\/index.php?rest_route=%2Fwp%2Fv2%2Fmedia&parent=14434"}],"wp:term":[{"taxonomy":"category","embeddable":true,"href":"https:\/\/allanproduz.com\/index.php?rest_route=%2Fwp%2Fv2%2Fcategories&post=14434"},{"taxonomy":"post_tag","embeddable":true,"href":"https:\/\/allanproduz.com\/index.php?rest_route=%2Fwp%2Fv2%2Ftags&post=14434"}],"curies":[{"name":"wp","href":"https:\/\/api.w.org\/{rel}","templated":true}]}}