{"id":14431,"date":"2026-04-29T16:38:51","date_gmt":"2026-04-29T19:38:51","guid":{"rendered":"https:\/\/allanproduz.com\/?p=14431"},"modified":"2026-04-29T16:51:05","modified_gmt":"2026-04-29T19:51:05","slug":"hora-dasuadade-passa-por-nova-repaginada","status":"publish","type":"post","link":"https:\/\/allanproduz.com\/?p=14431","title":{"rendered":"Hora da Saudade  repaginada"},"content":{"rendered":"<p>Um dos programas de maior sucesso da Lucas TV est\u00e1 de cara nova nesta quarta , al\u00e9m da vinheta vem muitas surpresas que s\u00f3 v\u00e3o ser reveladas no ar . Hora da Saudade vem colado com programa do Leleko , na faixa das 19h00. Lucas TV vembuscando melhorias no geral , a decis\u00e3o vem sendo feita desde de janeiro de 2026. O caal sempre faz quest\u00e3o de d\u00e1 cr\u00e9dito a TV Cultura.<\/p>\n<p>PS : A Boa do Allan<\/p>\n<p><strong class=\"Yjhzub\" data-sfc-root=\"c\" data-sfc-cb=\"\">Abril Azul (Conscientiza\u00e7\u00e3o sobre o Autismo) 2 de abril\u00a0<\/strong><\/p>\n<p><span class=\"T286Pc\" data-sfc-cp=\"\" data-sfc-root=\"c\" data-sfc-cb=\"\"><strong class=\"Yjhzub\" data-sfc-root=\"c\" data-sfc-cb=\"\">Abril Verde (Seguran\u00e7a e Sa\u00fade no Trabalho): 28 de abril\u00a0\u00a0<\/strong><\/span><\/p>\n<p><span class=\"T286Pc\" data-sfc-cp=\"\" data-sfc-root=\"c\" data-sfc-cb=\"\"><strong class=\"Yjhzub\" data-sfc-root=\"c\" data-sfc-cb=\"\">04\/04:<\/strong>\u00a0Dia Nacional do Portador da Doen\u00e7a de Parkinson.<\/span><\/p>\n<p><span class=\"T286Pc\" data-sfc-cp=\"\" data-sfc-root=\"c\" data-sfc-cb=\"\"><strong class=\"Yjhzub\" data-sfc-root=\"c\" data-sfc-cb=\"\">07\/04:<\/strong>\u00a0Dia Mundial da Sa\u00fade.<\/span><\/p>\n<p><span class=\"T286Pc\" data-sfc-cp=\"\" data-sfc-root=\"c\" data-sfc-cb=\"\"><strong class=\"Yjhzub\" data-sfc-root=\"c\" data-sfc-cb=\"\">08\/04:<\/strong>\u00a0Dia Mundial de Luta Contra o C\u00e2ncer.<\/span><\/p>\n<p><span class=\"T286Pc\" data-sfc-cp=\"\" data-sfc-root=\"c\" data-sfc-cb=\"\"><strong class=\"Yjhzub\" data-sfc-root=\"c\" data-sfc-cb=\"\">14\/04:<\/strong>\u00a0Dia Mundial da Doen\u00e7a de Chagas.<\/span><\/p>\n<p><span class=\"T286Pc\" data-sfc-cp=\"\" data-sfc-root=\"c\" data-sfc-cb=\"\"><strong class=\"Yjhzub\" data-sfc-root=\"c\" data-sfc-cb=\"\">26\/04:<\/strong>\u00a0Dia Nacional de Preven\u00e7\u00e3o e Combate \u00e0 Hipertens\u00e3o Arterial.<\/span><\/p>\n<p><span class=\"T286Pc\" data-sfc-cp=\"\" data-sfc-root=\"c\" data-sfc-cb=\"\"><strong class=\"Yjhzub\" data-sfc-root=\"c\" data-sfc-cb=\"\">24 a 30\/04:<\/strong>\u00a0Semana Mundial da Imuniza\u00e7\u00e3o<\/span><\/p>\n<p style=\"text-align: center;\">OFERECIMENTO<\/p>\n<p><img loading=\"lazy\" decoding=\"async\" class=\"aligncenter size-medium wp-image-14083\" src=\"http:\/\/allanproduz.com\/wp-content\/uploads\/2026\/04\/668769016_2086573741916562_7790921348407622680_n2-300x300.jpg\" alt=\"\" width=\"300\" height=\"300\" srcset=\"https:\/\/allanproduz.com\/wp-content\/uploads\/2026\/04\/668769016_2086573741916562_7790921348407622680_n2-300x300.jpg 300w, https:\/\/allanproduz.com\/wp-content\/uploads\/2026\/04\/668769016_2086573741916562_7790921348407622680_n2-150x150.jpg 150w, https:\/\/allanproduz.com\/wp-content\/uploads\/2026\/04\/668769016_2086573741916562_7790921348407622680_n2.jpg 479w\" sizes=\"auto, (max-width: 300px) 100vw, 300px\" \/><\/p>\n<p><img loading=\"lazy\" decoding=\"async\" class=\"aligncenter size-medium wp-image-14137\" src=\"http:\/\/allanproduz.com\/wp-content\/uploads\/2026\/04\/669126229_2088997428340860_7708675562223076666_n-300x300.jpg\" alt=\"\" width=\"300\" height=\"300\" srcset=\"https:\/\/allanproduz.com\/wp-content\/uploads\/2026\/04\/669126229_2088997428340860_7708675562223076666_n-300x300.jpg 300w, https:\/\/allanproduz.com\/wp-content\/uploads\/2026\/04\/669126229_2088997428340860_7708675562223076666_n-150x150.jpg 150w, https:\/\/allanproduz.com\/wp-content\/uploads\/2026\/04\/669126229_2088997428340860_7708675562223076666_n.jpg 479w\" sizes=\"auto, (max-width: 300px) 100vw, 300px\" \/><\/p>\n<p>&nbsp;<\/p>\n","protected":false},"excerpt":{"rendered":"<p>Um dos programas de maior sucesso da Lucas TV est\u00e1 de cara nova nesta quarta , al\u00e9m da vinheta vem muitas surpresas que s\u00f3 v\u00e3o ser reveladas no ar . Hora da Saudade vem colado com programa do Leleko , na faixa das 19h00. Lucas TV vembuscando melhorias no geral , a decis\u00e3o vem sendo &hellip;<\/p>\n","protected":false},"author":3,"featured_media":7862,"comment_status":"open","ping_status":"open","sticky":false,"template":"","format":"standard","meta":{"_joinchat":[],"footnotes":""},"categories":[1],"tags":[125,215,201,68,70,216],"class_list":["post-14431","post","type-post","status-publish","format-standard","has-post-thumbnail","hentry","category-sem-categoria","tag-jornalismo","tag-lucas-tv","tag-lucastv","tag-tv","tag-tv-cultura","tag-webtv"],"aioseo_notices":[],"_links":{"self":[{"href":"https:\/\/allanproduz.com\/index.php?rest_route=\/wp\/v2\/posts\/14431","targetHints":{"allow":["GET"]}}],"collection":[{"href":"https:\/\/allanproduz.com\/index.php?rest_route=\/wp\/v2\/posts"}],"about":[{"href":"https:\/\/allanproduz.com\/index.php?rest_route=\/wp\/v2\/types\/post"}],"author":[{"embeddable":true,"href":"https:\/\/allanproduz.com\/index.php?rest_route=\/wp\/v2\/users\/3"}],"replies":[{"embeddable":true,"href":"https:\/\/allanproduz.com\/index.php?rest_route=%2Fwp%2Fv2%2Fcomments&post=14431"}],"version-history":[{"count":2,"href":"https:\/\/allanproduz.com\/index.php?rest_route=\/wp\/v2\/posts\/14431\/revisions"}],"predecessor-version":[{"id":14433,"href":"https:\/\/allanproduz.com\/index.php?rest_route=\/wp\/v2\/posts\/14431\/revisions\/14433"}],"wp:featuredmedia":[{"embeddable":true,"href":"https:\/\/allanproduz.com\/index.php?rest_route=\/wp\/v2\/media\/7862"}],"wp:attachment":[{"href":"https:\/\/allanproduz.com\/index.php?rest_route=%2Fwp%2Fv2%2Fmedia&parent=14431"}],"wp:term":[{"taxonomy":"category","embeddable":true,"href":"https:\/\/allanproduz.com\/index.php?rest_route=%2Fwp%2Fv2%2Fcategories&post=14431"},{"taxonomy":"post_tag","embeddable":true,"href":"https:\/\/allanproduz.com\/index.php?rest_route=%2Fwp%2Fv2%2Ftags&post=14431"}],"curies":[{"name":"wp","href":"https:\/\/api.w.org\/{rel}","templated":true}]}}