{"id":14419,"date":"2026-04-29T10:16:42","date_gmt":"2026-04-29T13:16:42","guid":{"rendered":"https:\/\/allanproduz.com\/?p=14419"},"modified":"2026-04-29T11:45:12","modified_gmt":"2026-04-29T14:45:12","slug":"rede-cnt-volta-atualzar-site","status":"publish","type":"post","link":"https:\/\/allanproduz.com\/?p=14419","title":{"rendered":"Rede CNT volta atualizar site"},"content":{"rendered":"<p><strong>Rede CNT<\/strong> voltou atualizar site e vem colocando mat\u00e9rias atuais no portal <strong>www.redecnt.com<\/strong> , antes o site n\u00e3o tinha atualiza\u00e7\u00e3o , isso se deve a ordem da alta C\u00fapula em produzir. Atualmente os envolvidos s\u00e3o da Reda\u00e7\u00e3o CNT ,equipe de jornalismo. A novidade \u00e9 que tem mat\u00e9rias tamb\u00e9m do CNT Multi como do programa Viva Fazenda.<\/p>\n<p>PS : A Boa do Allan<\/p>\n<p><strong class=\"Yjhzub\" data-sfc-root=\"c\" data-sfc-cb=\"\">Abril Azul (Conscientiza\u00e7\u00e3o sobre o Autismo) 2 de abril\u00a0<\/strong><\/p>\n<p><span class=\"T286Pc\" data-sfc-cp=\"\" data-sfc-root=\"c\" data-sfc-cb=\"\"><strong class=\"Yjhzub\" data-sfc-root=\"c\" data-sfc-cb=\"\">Abril Verde (Seguran\u00e7a e Sa\u00fade no Trabalho): 28 de abril\u00a0\u00a0<\/strong><\/span><\/p>\n<p><span class=\"T286Pc\" data-sfc-cp=\"\" data-sfc-root=\"c\" data-sfc-cb=\"\"><strong class=\"Yjhzub\" data-sfc-root=\"c\" data-sfc-cb=\"\">04\/04:<\/strong>\u00a0Dia Nacional do Portador da Doen\u00e7a de Parkinson.<\/span><\/p>\n<p><span class=\"T286Pc\" data-sfc-cp=\"\" data-sfc-root=\"c\" data-sfc-cb=\"\"><strong class=\"Yjhzub\" data-sfc-root=\"c\" data-sfc-cb=\"\">07\/04:<\/strong>\u00a0Dia Mundial da Sa\u00fade.<\/span><\/p>\n<p><span class=\"T286Pc\" data-sfc-cp=\"\" data-sfc-root=\"c\" data-sfc-cb=\"\"><strong class=\"Yjhzub\" data-sfc-root=\"c\" data-sfc-cb=\"\">08\/04:<\/strong>\u00a0Dia Mundial de Luta Contra o C\u00e2ncer.<\/span><\/p>\n<p><span class=\"T286Pc\" data-sfc-cp=\"\" data-sfc-root=\"c\" data-sfc-cb=\"\"><strong class=\"Yjhzub\" data-sfc-root=\"c\" data-sfc-cb=\"\">14\/04:<\/strong>\u00a0Dia Mundial da Doen\u00e7a de Chagas.<\/span><\/p>\n<p><span class=\"T286Pc\" data-sfc-cp=\"\" data-sfc-root=\"c\" data-sfc-cb=\"\"><strong class=\"Yjhzub\" data-sfc-root=\"c\" data-sfc-cb=\"\">26\/04:<\/strong>\u00a0Dia Nacional de Preven\u00e7\u00e3o e Combate \u00e0 Hipertens\u00e3o Arterial.<\/span><\/p>\n<p><span class=\"T286Pc\" data-sfc-cp=\"\" data-sfc-root=\"c\" data-sfc-cb=\"\"><strong class=\"Yjhzub\" data-sfc-root=\"c\" data-sfc-cb=\"\">24 a 30\/04:<\/strong>\u00a0Semana Mundial da Imuniza\u00e7\u00e3o<\/span><\/p>\n<p style=\"text-align: center;\">OFERECIMENTO<\/p>\n<p><img loading=\"lazy\" decoding=\"async\" class=\"aligncenter size-medium wp-image-14083\" src=\"http:\/\/allanproduz.com\/wp-content\/uploads\/2026\/04\/668769016_2086573741916562_7790921348407622680_n2-300x300.jpg\" alt=\"\" width=\"300\" height=\"300\" srcset=\"https:\/\/allanproduz.com\/wp-content\/uploads\/2026\/04\/668769016_2086573741916562_7790921348407622680_n2-300x300.jpg 300w, https:\/\/allanproduz.com\/wp-content\/uploads\/2026\/04\/668769016_2086573741916562_7790921348407622680_n2-150x150.jpg 150w, https:\/\/allanproduz.com\/wp-content\/uploads\/2026\/04\/668769016_2086573741916562_7790921348407622680_n2.jpg 479w\" sizes=\"auto, (max-width: 300px) 100vw, 300px\" \/><\/p>\n<p><img loading=\"lazy\" decoding=\"async\" class=\"aligncenter size-medium wp-image-14137\" src=\"http:\/\/allanproduz.com\/wp-content\/uploads\/2026\/04\/669126229_2088997428340860_7708675562223076666_n-300x300.jpg\" alt=\"\" width=\"300\" height=\"300\" srcset=\"https:\/\/allanproduz.com\/wp-content\/uploads\/2026\/04\/669126229_2088997428340860_7708675562223076666_n-300x300.jpg 300w, https:\/\/allanproduz.com\/wp-content\/uploads\/2026\/04\/669126229_2088997428340860_7708675562223076666_n-150x150.jpg 150w, https:\/\/allanproduz.com\/wp-content\/uploads\/2026\/04\/669126229_2088997428340860_7708675562223076666_n.jpg 479w\" sizes=\"auto, (max-width: 300px) 100vw, 300px\" \/><\/p>\n","protected":false},"excerpt":{"rendered":"<p>Rede CNT voltou atualizar site e vem colocando mat\u00e9rias atuais no portal www.redecnt.com , antes o site n\u00e3o tinha atualiza\u00e7\u00e3o , isso se deve a ordem da alta C\u00fapula em produzir. Atualmente os envolvidos s\u00e3o da Reda\u00e7\u00e3o CNT ,equipe de jornalismo. A novidade \u00e9 que tem mat\u00e9rias tamb\u00e9m do CNT Multi como do programa Viva &hellip;<\/p>\n","protected":false},"author":3,"featured_media":8363,"comment_status":"open","ping_status":"open","sticky":false,"template":"","format":"standard","meta":{"_joinchat":[],"footnotes":""},"categories":[1],"tags":[125,206,40,68],"class_list":["post-14419","post","type-post","status-publish","format-standard","has-post-thumbnail","hentry","category-sem-categoria","tag-jornalismo","tag-noticias-da-televisao","tag-rede-cnt","tag-tv"],"aioseo_notices":[],"_links":{"self":[{"href":"https:\/\/allanproduz.com\/index.php?rest_route=\/wp\/v2\/posts\/14419","targetHints":{"allow":["GET"]}}],"collection":[{"href":"https:\/\/allanproduz.com\/index.php?rest_route=\/wp\/v2\/posts"}],"about":[{"href":"https:\/\/allanproduz.com\/index.php?rest_route=\/wp\/v2\/types\/post"}],"author":[{"embeddable":true,"href":"https:\/\/allanproduz.com\/index.php?rest_route=\/wp\/v2\/users\/3"}],"replies":[{"embeddable":true,"href":"https:\/\/allanproduz.com\/index.php?rest_route=%2Fwp%2Fv2%2Fcomments&post=14419"}],"version-history":[{"count":3,"href":"https:\/\/allanproduz.com\/index.php?rest_route=\/wp\/v2\/posts\/14419\/revisions"}],"predecessor-version":[{"id":14423,"href":"https:\/\/allanproduz.com\/index.php?rest_route=\/wp\/v2\/posts\/14419\/revisions\/14423"}],"wp:featuredmedia":[{"embeddable":true,"href":"https:\/\/allanproduz.com\/index.php?rest_route=\/wp\/v2\/media\/8363"}],"wp:attachment":[{"href":"https:\/\/allanproduz.com\/index.php?rest_route=%2Fwp%2Fv2%2Fmedia&parent=14419"}],"wp:term":[{"taxonomy":"category","embeddable":true,"href":"https:\/\/allanproduz.com\/index.php?rest_route=%2Fwp%2Fv2%2Fcategories&post=14419"},{"taxonomy":"post_tag","embeddable":true,"href":"https:\/\/allanproduz.com\/index.php?rest_route=%2Fwp%2Fv2%2Ftags&post=14419"}],"curies":[{"name":"wp","href":"https:\/\/api.w.org\/{rel}","templated":true}]}}