{"id":14408,"date":"2026-04-28T16:45:20","date_gmt":"2026-04-28T19:45:20","guid":{"rendered":"https:\/\/allanproduz.com\/?p=14408"},"modified":"2026-04-28T16:46:46","modified_gmt":"2026-04-28T19:46:46","slug":"bola-na-rede-abre-a-grade-da-redetv","status":"publish","type":"post","link":"https:\/\/allanproduz.com\/?p=14408","title":{"rendered":"Bola na Rede abre a grade da RedeTV"},"content":{"rendered":"<p>O programa<strong> Bola na Rede<\/strong> iniciou nova fase ba <strong>RedeTV<\/strong> e abre a grade da emissora na faixa das 10h00 da manh\u00e3. Futebol rende sempre assunto e d\u00e1 audI\u00eancia. A ideia \u00e9 fugir do hor\u00e1rio antigo tomado por programas esportivos como<strong> Jogo aberto na Band<\/strong> e <strong>Debate placar na NGT<\/strong>. No novo hor\u00e1rio se torna uma boa alternativa para quem curte futebol inclusive internacional.<\/p>\n<p><img loading=\"lazy\" decoding=\"async\" class=\"aligncenter size-medium wp-image-12627\" src=\"http:\/\/allanproduz.com\/wp-content\/uploads\/2026\/01\/post-2025-banner-opiniao-e-destaque-pequeno-300x93.png\" alt=\"\" width=\"300\" height=\"93\" srcset=\"https:\/\/allanproduz.com\/wp-content\/uploads\/2026\/01\/post-2025-banner-opiniao-e-destaque-pequeno-300x93.png 300w, https:\/\/allanproduz.com\/wp-content\/uploads\/2026\/01\/post-2025-banner-opiniao-e-destaque-pequeno.png 504w\" sizes=\"auto, (max-width: 300px) 100vw, 300px\" \/><\/p>\n<p>Isso mostra que o caal tem um caminho e um hor\u00e1rio para explorar e issovai beneficiar ela de certo modo. Sobre conquistar audi\u00eancia , isso leva tempoe mais uma vez uma boa chamada na grade n\u00e3o custa.<\/p>\n<p><img loading=\"lazy\" decoding=\"async\" class=\"aligncenter size-medium wp-image-14083\" src=\"http:\/\/allanproduz.com\/wp-content\/uploads\/2026\/04\/668769016_2086573741916562_7790921348407622680_n2-300x300.jpg\" alt=\"\" width=\"300\" height=\"300\" srcset=\"https:\/\/allanproduz.com\/wp-content\/uploads\/2026\/04\/668769016_2086573741916562_7790921348407622680_n2-300x300.jpg 300w, https:\/\/allanproduz.com\/wp-content\/uploads\/2026\/04\/668769016_2086573741916562_7790921348407622680_n2-150x150.jpg 150w, https:\/\/allanproduz.com\/wp-content\/uploads\/2026\/04\/668769016_2086573741916562_7790921348407622680_n2.jpg 479w\" sizes=\"auto, (max-width: 300px) 100vw, 300px\" \/><\/p>\n<p><img loading=\"lazy\" decoding=\"async\" class=\"aligncenter size-medium wp-image-14137\" src=\"http:\/\/allanproduz.com\/wp-content\/uploads\/2026\/04\/669126229_2088997428340860_7708675562223076666_n-300x300.jpg\" alt=\"\" width=\"300\" height=\"300\" srcset=\"https:\/\/allanproduz.com\/wp-content\/uploads\/2026\/04\/669126229_2088997428340860_7708675562223076666_n-300x300.jpg 300w, https:\/\/allanproduz.com\/wp-content\/uploads\/2026\/04\/669126229_2088997428340860_7708675562223076666_n-150x150.jpg 150w, https:\/\/allanproduz.com\/wp-content\/uploads\/2026\/04\/669126229_2088997428340860_7708675562223076666_n.jpg 479w\" sizes=\"auto, (max-width: 300px) 100vw, 300px\" \/><\/p>\n","protected":false},"excerpt":{"rendered":"<p>O programa Bola na Rede iniciou nova fase ba RedeTV e abre a grade da emissora na faixa das 10h00 da manh\u00e3. Futebol rende sempre assunto e d\u00e1 audI\u00eancia. A ideia \u00e9 fugir do hor\u00e1rio antigo tomado por programas esportivos como Jogo aberto na Band e Debate placar na NGT. No novo hor\u00e1rio se torna &hellip;<\/p>\n","protected":false},"author":3,"featured_media":7212,"comment_status":"open","ping_status":"open","sticky":false,"template":"","format":"standard","meta":{"_joinchat":[],"footnotes":""},"categories":[1],"tags":[371,178,125,206,42,68],"class_list":["post-14408","post","type-post","status-publish","format-standard","has-post-thumbnail","hentry","category-sem-categoria","tag-esporte","tag-futebol","tag-jornalismo","tag-noticias-da-televisao","tag-redetv","tag-tv"],"aioseo_notices":[],"_links":{"self":[{"href":"https:\/\/allanproduz.com\/index.php?rest_route=\/wp\/v2\/posts\/14408","targetHints":{"allow":["GET"]}}],"collection":[{"href":"https:\/\/allanproduz.com\/index.php?rest_route=\/wp\/v2\/posts"}],"about":[{"href":"https:\/\/allanproduz.com\/index.php?rest_route=\/wp\/v2\/types\/post"}],"author":[{"embeddable":true,"href":"https:\/\/allanproduz.com\/index.php?rest_route=\/wp\/v2\/users\/3"}],"replies":[{"embeddable":true,"href":"https:\/\/allanproduz.com\/index.php?rest_route=%2Fwp%2Fv2%2Fcomments&post=14408"}],"version-history":[{"count":1,"href":"https:\/\/allanproduz.com\/index.php?rest_route=\/wp\/v2\/posts\/14408\/revisions"}],"predecessor-version":[{"id":14409,"href":"https:\/\/allanproduz.com\/index.php?rest_route=\/wp\/v2\/posts\/14408\/revisions\/14409"}],"wp:featuredmedia":[{"embeddable":true,"href":"https:\/\/allanproduz.com\/index.php?rest_route=\/wp\/v2\/media\/7212"}],"wp:attachment":[{"href":"https:\/\/allanproduz.com\/index.php?rest_route=%2Fwp%2Fv2%2Fmedia&parent=14408"}],"wp:term":[{"taxonomy":"category","embeddable":true,"href":"https:\/\/allanproduz.com\/index.php?rest_route=%2Fwp%2Fv2%2Fcategories&post=14408"},{"taxonomy":"post_tag","embeddable":true,"href":"https:\/\/allanproduz.com\/index.php?rest_route=%2Fwp%2Fv2%2Ftags&post=14408"}],"curies":[{"name":"wp","href":"https:\/\/api.w.org\/{rel}","templated":true}]}}