{"id":14385,"date":"2026-04-26T20:57:27","date_gmt":"2026-04-26T23:57:27","guid":{"rendered":"https:\/\/allanproduz.com\/?p=14385"},"modified":"2026-04-26T21:31:12","modified_gmt":"2026-04-27T00:31:12","slug":"coracao-de-mae-esticada","status":"publish","type":"post","link":"https:\/\/allanproduz.com\/?p=14385","title":{"rendered":"Cora\u00e7\u00e3o de m\u00e3e  esticada"},"content":{"rendered":"<p><strong>Record<\/strong> far\u00e1 uma edi\u00e7\u00e3o especial da\u00a0 trama turca<strong> Cora\u00e7\u00e3o de M\u00e3e<\/strong> das 21h at\u00e9 22h30 em formato de filme para ajudar a alavancar a audi\u00eancia do<strong> reality A Casa do Patr\u00e3o<\/strong> que come\u00e7a a sequ\u00eancia. A ideia \u00e9 colocar uma edi\u00e7\u00e3o especial da trama .<\/p>\n<p><img loading=\"lazy\" decoding=\"async\" class=\"aligncenter size-medium wp-image-6845\" src=\"http:\/\/allanproduz.com\/wp-content\/uploads\/2024\/07\/NOVELA-TURCA-1-300x164.jpg\" alt=\"\" width=\"300\" height=\"164\" srcset=\"https:\/\/allanproduz.com\/wp-content\/uploads\/2024\/07\/NOVELA-TURCA-1-300x164.jpg 300w, https:\/\/allanproduz.com\/wp-content\/uploads\/2024\/07\/NOVELA-TURCA-1.jpg 512w\" sizes=\"auto, (max-width: 300px) 100vw, 300px\" \/><\/p>\n<p>&nbsp;<\/p>\n<p><img loading=\"lazy\" decoding=\"async\" class=\"aligncenter size-medium wp-image-13740\" src=\"http:\/\/allanproduz.com\/wp-content\/uploads\/2026\/03\/651762432_122127410774991373_5915285140175909711_n-240x300.jpg\" alt=\"\" width=\"240\" height=\"300\" srcset=\"https:\/\/allanproduz.com\/wp-content\/uploads\/2026\/03\/651762432_122127410774991373_5915285140175909711_n-240x300.jpg 240w, https:\/\/allanproduz.com\/wp-content\/uploads\/2026\/03\/651762432_122127410774991373_5915285140175909711_n.jpg 512w\" sizes=\"auto, (max-width: 240px) 100vw, 240px\" \/><\/p>\n<p>PS : A Boa do Allan<\/p>\n<p><strong class=\"Yjhzub\" data-sfc-root=\"c\" data-sfc-cb=\"\">Abril Azul (Conscientiza\u00e7\u00e3o sobre o Autismo) 2 de abril\u00a0<\/strong><\/p>\n<p><span class=\"T286Pc\" data-sfc-cp=\"\" data-sfc-root=\"c\" data-sfc-cb=\"\"><strong class=\"Yjhzub\" data-sfc-root=\"c\" data-sfc-cb=\"\">Abril Verde (Seguran\u00e7a e Sa\u00fade no Trabalho): 28 de abril\u00a0\u00a0<\/strong><\/span><\/p>\n<p><span class=\"T286Pc\" data-sfc-cp=\"\" data-sfc-root=\"c\" data-sfc-cb=\"\"><strong class=\"Yjhzub\" data-sfc-root=\"c\" data-sfc-cb=\"\">04\/04:<\/strong>\u00a0Dia Nacional do Portador da Doen\u00e7a de Parkinson.<\/span><\/p>\n<p><span class=\"T286Pc\" data-sfc-cp=\"\" data-sfc-root=\"c\" data-sfc-cb=\"\"><strong class=\"Yjhzub\" data-sfc-root=\"c\" data-sfc-cb=\"\">07\/04:<\/strong>\u00a0Dia Mundial da Sa\u00fade.<\/span><\/p>\n<p><span class=\"T286Pc\" data-sfc-cp=\"\" data-sfc-root=\"c\" data-sfc-cb=\"\"><strong class=\"Yjhzub\" data-sfc-root=\"c\" data-sfc-cb=\"\">08\/04:<\/strong>\u00a0Dia Mundial de Luta Contra o C\u00e2ncer.<\/span><\/p>\n<p><span class=\"T286Pc\" data-sfc-cp=\"\" data-sfc-root=\"c\" data-sfc-cb=\"\"><strong class=\"Yjhzub\" data-sfc-root=\"c\" data-sfc-cb=\"\">14\/04:<\/strong>\u00a0Dia Mundial da Doen\u00e7a de Chagas.<\/span><\/p>\n<p><span class=\"T286Pc\" data-sfc-cp=\"\" data-sfc-root=\"c\" data-sfc-cb=\"\"><strong class=\"Yjhzub\" data-sfc-root=\"c\" data-sfc-cb=\"\">26\/04:<\/strong>\u00a0Dia Nacional de Preven\u00e7\u00e3o e Combate \u00e0 Hipertens\u00e3o Arterial.<\/span><\/p>\n<p><span class=\"T286Pc\" data-sfc-cp=\"\" data-sfc-root=\"c\" data-sfc-cb=\"\"><strong class=\"Yjhzub\" data-sfc-root=\"c\" data-sfc-cb=\"\">24 a 30\/04:<\/strong>\u00a0Semana Mundial da Imuniza\u00e7\u00e3o<\/span><\/p>\n<p style=\"text-align: center;\">OFERECIMENTO<\/p>\n<p><img loading=\"lazy\" decoding=\"async\" class=\"aligncenter size-medium wp-image-14083\" src=\"http:\/\/allanproduz.com\/wp-content\/uploads\/2026\/04\/668769016_2086573741916562_7790921348407622680_n2-300x300.jpg\" alt=\"\" width=\"300\" height=\"300\" srcset=\"https:\/\/allanproduz.com\/wp-content\/uploads\/2026\/04\/668769016_2086573741916562_7790921348407622680_n2-300x300.jpg 300w, https:\/\/allanproduz.com\/wp-content\/uploads\/2026\/04\/668769016_2086573741916562_7790921348407622680_n2-150x150.jpg 150w, https:\/\/allanproduz.com\/wp-content\/uploads\/2026\/04\/668769016_2086573741916562_7790921348407622680_n2.jpg 479w\" sizes=\"auto, (max-width: 300px) 100vw, 300px\" \/><\/p>\n<p><img loading=\"lazy\" decoding=\"async\" class=\"aligncenter size-medium wp-image-14137\" src=\"http:\/\/allanproduz.com\/wp-content\/uploads\/2026\/04\/669126229_2088997428340860_7708675562223076666_n-300x300.jpg\" alt=\"\" width=\"300\" height=\"300\" srcset=\"https:\/\/allanproduz.com\/wp-content\/uploads\/2026\/04\/669126229_2088997428340860_7708675562223076666_n-300x300.jpg 300w, https:\/\/allanproduz.com\/wp-content\/uploads\/2026\/04\/669126229_2088997428340860_7708675562223076666_n-150x150.jpg 150w, https:\/\/allanproduz.com\/wp-content\/uploads\/2026\/04\/669126229_2088997428340860_7708675562223076666_n.jpg 479w\" sizes=\"auto, (max-width: 300px) 100vw, 300px\" \/><\/p>\n","protected":false},"excerpt":{"rendered":"<p>Record far\u00e1 uma edi\u00e7\u00e3o especial da\u00a0 trama turca Cora\u00e7\u00e3o de M\u00e3e das 21h at\u00e9 22h30 em formato de filme para ajudar a alavancar a audi\u00eancia do reality A Casa do Patr\u00e3o que come\u00e7a a sequ\u00eancia. A ideia \u00e9 colocar uma edi\u00e7\u00e3o especial da trama . &nbsp; PS : A Boa do Allan Abril Azul (Conscientiza\u00e7\u00e3o &hellip;<\/p>\n","protected":false},"author":3,"featured_media":12970,"comment_status":"open","ping_status":"open","sticky":false,"template":"","format":"standard","meta":{"_joinchat":[],"footnotes":""},"categories":[1],"tags":[125,206,100,187,134,51,68],"class_list":["post-14385","post","type-post","status-publish","format-standard","has-post-thumbnail","hentry","category-sem-categoria","tag-jornalismo","tag-noticias-da-televisao","tag-novela","tag-novelas","tag-reality","tag-record","tag-tv"],"aioseo_notices":[],"_links":{"self":[{"href":"https:\/\/allanproduz.com\/index.php?rest_route=\/wp\/v2\/posts\/14385","targetHints":{"allow":["GET"]}}],"collection":[{"href":"https:\/\/allanproduz.com\/index.php?rest_route=\/wp\/v2\/posts"}],"about":[{"href":"https:\/\/allanproduz.com\/index.php?rest_route=\/wp\/v2\/types\/post"}],"author":[{"embeddable":true,"href":"https:\/\/allanproduz.com\/index.php?rest_route=\/wp\/v2\/users\/3"}],"replies":[{"embeddable":true,"href":"https:\/\/allanproduz.com\/index.php?rest_route=%2Fwp%2Fv2%2Fcomments&post=14385"}],"version-history":[{"count":3,"href":"https:\/\/allanproduz.com\/index.php?rest_route=\/wp\/v2\/posts\/14385\/revisions"}],"predecessor-version":[{"id":14388,"href":"https:\/\/allanproduz.com\/index.php?rest_route=\/wp\/v2\/posts\/14385\/revisions\/14388"}],"wp:featuredmedia":[{"embeddable":true,"href":"https:\/\/allanproduz.com\/index.php?rest_route=\/wp\/v2\/media\/12970"}],"wp:attachment":[{"href":"https:\/\/allanproduz.com\/index.php?rest_route=%2Fwp%2Fv2%2Fmedia&parent=14385"}],"wp:term":[{"taxonomy":"category","embeddable":true,"href":"https:\/\/allanproduz.com\/index.php?rest_route=%2Fwp%2Fv2%2Fcategories&post=14385"},{"taxonomy":"post_tag","embeddable":true,"href":"https:\/\/allanproduz.com\/index.php?rest_route=%2Fwp%2Fv2%2Ftags&post=14385"}],"curies":[{"name":"wp","href":"https:\/\/api.w.org\/{rel}","templated":true}]}}