{"id":14366,"date":"2026-04-24T10:33:50","date_gmt":"2026-04-24T13:33:50","guid":{"rendered":"https:\/\/allanproduz.com\/?p=14366"},"modified":"2026-04-24T10:33:50","modified_gmt":"2026-04-24T13:33:50","slug":"casa-do-patrao-tem-cheiro-de-polemica","status":"publish","type":"post","link":"https:\/\/allanproduz.com\/?p=14366","title":{"rendered":"Casa  do  Patr\u00e3o  tem cheiro de pol\u00eamica"},"content":{"rendered":"<p>Coletiva de imprensa j\u00e1 rolou , alguns participantes j\u00e1 foram divulgados e a pergunta que n\u00e3o quer calar ,Casa do Patr\u00e3o um c\u00f3pia do BBB? ou mistura de BBB com a Fazenda ? Essa curiosidade \u00e9 de geral e para tirar essa curiosidade \u00e9 s\u00f3 assistir na record no dia 27 de abril\u00a0 na faixa das 22h30. Existe toda uma expectativa do que vai ser esse reality , n\u00e3o s\u00f3 para a imprensa , p\u00fablico e da pr\u00f3pria record que estar apostando nesse projeto com Boninho. Sinto que vai causar , vai ser mais um a\u00ed que pode surpreender . Globo certamente vai acompanhar e usar suas estrat\u00e9gias n\u00e3o \u00e9 mesmo?<\/p>\n<p><img loading=\"lazy\" decoding=\"async\" class=\"aligncenter size-medium wp-image-12627\" src=\"http:\/\/allanproduz.com\/wp-content\/uploads\/2026\/01\/post-2025-banner-opiniao-e-destaque-pequeno-300x93.png\" alt=\"\" width=\"300\" height=\"93\" srcset=\"https:\/\/allanproduz.com\/wp-content\/uploads\/2026\/01\/post-2025-banner-opiniao-e-destaque-pequeno-300x93.png 300w, https:\/\/allanproduz.com\/wp-content\/uploads\/2026\/01\/post-2025-banner-opiniao-e-destaque-pequeno.png 504w\" sizes=\"auto, (max-width: 300px) 100vw, 300px\" \/><\/p>\n<p>&nbsp;<\/p>\n<p><img loading=\"lazy\" decoding=\"async\" class=\"aligncenter size-full wp-image-12970\" src=\"http:\/\/allanproduz.com\/wp-content\/uploads\/2026\/01\/80800712_164390618252540_768784551685128192_n.png\" alt=\"\" width=\"150\" height=\"149\" \/><\/p>\n<p>&nbsp;<\/p>\n<p>PS : A Boa do Allan<\/p>\n<p><strong class=\"Yjhzub\" data-sfc-root=\"c\" data-sfc-cb=\"\">Abril Azul (Conscientiza\u00e7\u00e3o sobre o Autismo) 2 de abril\u00a0<\/strong><\/p>\n<p><span class=\"T286Pc\" data-sfc-cp=\"\" data-sfc-root=\"c\" data-sfc-cb=\"\"><strong class=\"Yjhzub\" data-sfc-root=\"c\" data-sfc-cb=\"\">Abril Verde (Seguran\u00e7a e Sa\u00fade no Trabalho): 28 de abril\u00a0\u00a0<\/strong><\/span><\/p>\n<p><span class=\"T286Pc\" data-sfc-cp=\"\" data-sfc-root=\"c\" data-sfc-cb=\"\"><strong class=\"Yjhzub\" data-sfc-root=\"c\" data-sfc-cb=\"\">04\/04:<\/strong>\u00a0Dia Nacional do Portador da Doen\u00e7a de Parkinson.<\/span><\/p>\n<p><span class=\"T286Pc\" data-sfc-cp=\"\" data-sfc-root=\"c\" data-sfc-cb=\"\"><strong class=\"Yjhzub\" data-sfc-root=\"c\" data-sfc-cb=\"\">07\/04:<\/strong>\u00a0Dia Mundial da Sa\u00fade.<\/span><\/p>\n<p><span class=\"T286Pc\" data-sfc-cp=\"\" data-sfc-root=\"c\" data-sfc-cb=\"\"><strong class=\"Yjhzub\" data-sfc-root=\"c\" data-sfc-cb=\"\">08\/04:<\/strong>\u00a0Dia Mundial de Luta Contra o C\u00e2ncer.<\/span><\/p>\n<p><span class=\"T286Pc\" data-sfc-cp=\"\" data-sfc-root=\"c\" data-sfc-cb=\"\"><strong class=\"Yjhzub\" data-sfc-root=\"c\" data-sfc-cb=\"\">14\/04:<\/strong>\u00a0Dia Mundial da Doen\u00e7a de Chagas.<\/span><\/p>\n<p><span class=\"T286Pc\" data-sfc-cp=\"\" data-sfc-root=\"c\" data-sfc-cb=\"\"><strong class=\"Yjhzub\" data-sfc-root=\"c\" data-sfc-cb=\"\">26\/04:<\/strong>\u00a0Dia Nacional de Preven\u00e7\u00e3o e Combate \u00e0 Hipertens\u00e3o Arterial.<\/span><\/p>\n<p><span class=\"T286Pc\" data-sfc-cp=\"\" data-sfc-root=\"c\" data-sfc-cb=\"\"><strong class=\"Yjhzub\" data-sfc-root=\"c\" data-sfc-cb=\"\">24 a 30\/04:<\/strong>\u00a0Semana Mundial da Imuniza\u00e7\u00e3o<\/span><\/p>\n<p style=\"text-align: center;\">OFERECIMENTO<\/p>\n<p><img loading=\"lazy\" decoding=\"async\" class=\"aligncenter size-medium wp-image-14137\" src=\"http:\/\/allanproduz.com\/wp-content\/uploads\/2026\/04\/669126229_2088997428340860_7708675562223076666_n-300x300.jpg\" alt=\"\" width=\"300\" height=\"300\" srcset=\"https:\/\/allanproduz.com\/wp-content\/uploads\/2026\/04\/669126229_2088997428340860_7708675562223076666_n-300x300.jpg 300w, https:\/\/allanproduz.com\/wp-content\/uploads\/2026\/04\/669126229_2088997428340860_7708675562223076666_n-150x150.jpg 150w, https:\/\/allanproduz.com\/wp-content\/uploads\/2026\/04\/669126229_2088997428340860_7708675562223076666_n.jpg 479w\" sizes=\"auto, (max-width: 300px) 100vw, 300px\" \/><\/p>\n<p><img loading=\"lazy\" decoding=\"async\" class=\"aligncenter size-medium wp-image-14083\" src=\"http:\/\/allanproduz.com\/wp-content\/uploads\/2026\/04\/668769016_2086573741916562_7790921348407622680_n2-300x300.jpg\" alt=\"\" width=\"300\" height=\"300\" srcset=\"https:\/\/allanproduz.com\/wp-content\/uploads\/2026\/04\/668769016_2086573741916562_7790921348407622680_n2-300x300.jpg 300w, https:\/\/allanproduz.com\/wp-content\/uploads\/2026\/04\/668769016_2086573741916562_7790921348407622680_n2-150x150.jpg 150w, https:\/\/allanproduz.com\/wp-content\/uploads\/2026\/04\/668769016_2086573741916562_7790921348407622680_n2.jpg 479w\" sizes=\"auto, (max-width: 300px) 100vw, 300px\" \/><\/p>\n","protected":false},"excerpt":{"rendered":"<p>Coletiva de imprensa j\u00e1 rolou , alguns participantes j\u00e1 foram divulgados e a pergunta que n\u00e3o quer calar ,Casa do Patr\u00e3o um c\u00f3pia do BBB? ou mistura de BBB com a Fazenda ? Essa curiosidade \u00e9 de geral e para tirar essa curiosidade \u00e9 s\u00f3 assistir na record no dia 27 de abril\u00a0 na faixa &hellip;<\/p>\n","protected":false},"author":3,"featured_media":13740,"comment_status":"open","ping_status":"open","sticky":false,"template":"","format":"standard","meta":{"_joinchat":[],"footnotes":""},"categories":[1],"tags":[1240,125,206,134,51,68],"class_list":["post-14366","post","type-post","status-publish","format-standard","has-post-thumbnail","hentry","category-sem-categoria","tag-casadopatrao","tag-jornalismo","tag-noticias-da-televisao","tag-reality","tag-record","tag-tv"],"aioseo_notices":[],"_links":{"self":[{"href":"https:\/\/allanproduz.com\/index.php?rest_route=\/wp\/v2\/posts\/14366","targetHints":{"allow":["GET"]}}],"collection":[{"href":"https:\/\/allanproduz.com\/index.php?rest_route=\/wp\/v2\/posts"}],"about":[{"href":"https:\/\/allanproduz.com\/index.php?rest_route=\/wp\/v2\/types\/post"}],"author":[{"embeddable":true,"href":"https:\/\/allanproduz.com\/index.php?rest_route=\/wp\/v2\/users\/3"}],"replies":[{"embeddable":true,"href":"https:\/\/allanproduz.com\/index.php?rest_route=%2Fwp%2Fv2%2Fcomments&post=14366"}],"version-history":[{"count":1,"href":"https:\/\/allanproduz.com\/index.php?rest_route=\/wp\/v2\/posts\/14366\/revisions"}],"predecessor-version":[{"id":14367,"href":"https:\/\/allanproduz.com\/index.php?rest_route=\/wp\/v2\/posts\/14366\/revisions\/14367"}],"wp:featuredmedia":[{"embeddable":true,"href":"https:\/\/allanproduz.com\/index.php?rest_route=\/wp\/v2\/media\/13740"}],"wp:attachment":[{"href":"https:\/\/allanproduz.com\/index.php?rest_route=%2Fwp%2Fv2%2Fmedia&parent=14366"}],"wp:term":[{"taxonomy":"category","embeddable":true,"href":"https:\/\/allanproduz.com\/index.php?rest_route=%2Fwp%2Fv2%2Fcategories&post=14366"},{"taxonomy":"post_tag","embeddable":true,"href":"https:\/\/allanproduz.com\/index.php?rest_route=%2Fwp%2Fv2%2Ftags&post=14366"}],"curies":[{"name":"wp","href":"https:\/\/api.w.org\/{rel}","templated":true}]}}