{"id":13713,"date":"2026-03-15T10:00:03","date_gmt":"2026-03-15T13:00:03","guid":{"rendered":"https:\/\/allanproduz.com\/?p=13713"},"modified":"2026-03-15T11:23:56","modified_gmt":"2026-03-15T14:23:56","slug":"filme-de-domigo-na-record","status":"publish","type":"post","link":"https:\/\/allanproduz.com\/?p=13713","title":{"rendered":"Filme de domingo na Record"},"content":{"rendered":"<p>Record aposta em muita\u00a0 a\u00e7\u00e3o ,neste\u00a0 domingo , 15 de mar\u00e7o de 2026:<\/p>\n<p><img loading=\"lazy\" decoding=\"async\" class=\"aligncenter size-full wp-image-9173\" src=\"http:\/\/allanproduz.com\/wp-content\/uploads\/2025\/02\/Cine-maior.jpg\" alt=\"\" width=\"282\" height=\"180\" \/><\/p>\n<p><strong>CINE MAIOR , 12h00<\/strong><\/p>\n<p><strong>Dupla Explosiva(2017) &#8211;\u00a0<\/strong>Michael, um guarda-costas de elite, e Darius, um assassino de aluguel, se odeiam h\u00e1 anos. Quando Darius vira testemunha da Corte Internacional de Justi\u00e7a, Michael tem que proteger seu desafeto.A\u00e7\u00e3o , aventura , suspese e crime recheiam o filme.<\/p>\n<p><strong>PS:<\/strong><\/p>\n<p><strong>A\u00a0 Boa do Allan<\/strong>\u00a0sobre campanhas de mar\u00e7o:<\/p>\n<p><span class=\"T286Pc\" data-sfc-cp=\"\"><strong class=\"Yjhzub\">Mar\u00e7o Lil\u00e1s (C\u00e2ncer de Colo do \u00datero):<\/strong>\u00a0Foca na conscientiza\u00e7\u00e3o sobre o c\u00e2ncer cervical, incentivando exames preventivos como o Papanicolau e a vacina\u00e7\u00e3o contra o HPV para meninas e meninos de 9 a 14 anos.<\/span><\/p>\n<p><span class=\"T286Pc\" data-sfc-cp=\"\"><strong class=\"Yjhzub\">Mar\u00e7o Amarelo (Endometriose):<\/strong>\u00a0Visa conscientizar sobre a endometriose, uma doen\u00e7a cr\u00f4nica que afeta mulheres e pode causar dores intensas e infertilidade, incentivando o diagn\u00f3stico precoce<\/span><\/p>\n<div id=\"sdh_2Takaeq4DNfc1sQPy66iqQo_1\">.<\/div>\n<div id=\"sdh_2Takaeq4DNfc1sQPy66iqQo_2\">\n<p><span class=\"T286Pc\" data-sfc-cp=\"\"><strong class=\"Yjhzub\">Mar\u00e7o Azul-Marinho (C\u00e2ncer Colorretal):<\/strong>\u00a0Alerta para o c\u00e2ncer colorretal, um dos mais comuns no Brasil, especialmente em pessoas acima de 50 anos, focando na preven\u00e7\u00e3o e no exame de colonoscopia.<\/span><\/p>\n<\/div>\n<div id=\"sdh_2Takaeq4DNfc1sQPy66iqQo_3\">\n<p><span class=\"T286Pc\" data-sfc-cp=\"\"><strong class=\"Yjhzub\">Mar\u00e7o Roxo (Obesidade):<\/strong>\u00a0Em algumas fontes \u00e9 destacado para alertar sobre a obesidade, considerada uma doen\u00e7a cr\u00f4nica e desafio de sa\u00fade p\u00fablica.<\/span><\/p>\n<\/div>\n<p style=\"text-align: center;\">OFERECIMENTOS<\/p>\n<p><img loading=\"lazy\" decoding=\"async\" class=\"aligncenter size-medium wp-image-12576\" src=\"http:\/\/allanproduz.com\/wp-content\/uploads\/2026\/01\/611380579_1405266771609838_1349094792374157180_n2-300x300.jpg\" alt=\"\" width=\"300\" height=\"300\" srcset=\"https:\/\/allanproduz.com\/wp-content\/uploads\/2026\/01\/611380579_1405266771609838_1349094792374157180_n2-300x300.jpg 300w, https:\/\/allanproduz.com\/wp-content\/uploads\/2026\/01\/611380579_1405266771609838_1349094792374157180_n2-150x150.jpg 150w, https:\/\/allanproduz.com\/wp-content\/uploads\/2026\/01\/611380579_1405266771609838_1349094792374157180_n2.jpg 479w\" sizes=\"auto, (max-width: 300px) 100vw, 300px\" \/><\/p>\n<p style=\"text-align: center;\">https:\/\/web.facebook.com\/Renesampaiodosreis<\/p>\n<p><img loading=\"lazy\" decoding=\"async\" class=\"aligncenter size-medium wp-image-13061\" src=\"http:\/\/allanproduz.com\/wp-content\/uploads\/2026\/02\/626812370_2034357267138210_2786910969663758793_n2-300x300.jpg\" alt=\"\" width=\"300\" height=\"300\" srcset=\"https:\/\/allanproduz.com\/wp-content\/uploads\/2026\/02\/626812370_2034357267138210_2786910969663758793_n2-300x300.jpg 300w, https:\/\/allanproduz.com\/wp-content\/uploads\/2026\/02\/626812370_2034357267138210_2786910969663758793_n2-150x150.jpg 150w, https:\/\/allanproduz.com\/wp-content\/uploads\/2026\/02\/626812370_2034357267138210_2786910969663758793_n2.jpg 479w\" sizes=\"auto, (max-width: 300px) 100vw, 300px\" \/><\/p>\n<p style=\"text-align: center;\">https:\/\/www.vidks.net\/vid\/lucas-tv.ks<\/p>\n<p><img loading=\"lazy\" decoding=\"async\" class=\"aligncenter size-medium wp-image-13392\" src=\"http:\/\/allanproduz.com\/wp-content\/uploads\/2026\/02\/641384603_2052083018698968_1551180208297412591_n1-242x300.jpg\" alt=\"\" width=\"242\" height=\"300\" srcset=\"https:\/\/allanproduz.com\/wp-content\/uploads\/2026\/02\/641384603_2052083018698968_1551180208297412591_n1-242x300.jpg 242w, https:\/\/allanproduz.com\/wp-content\/uploads\/2026\/02\/641384603_2052083018698968_1551180208297412591_n1-768x953.jpg 768w, https:\/\/allanproduz.com\/wp-content\/uploads\/2026\/02\/641384603_2052083018698968_1551180208297412591_n1.jpg 825w\" sizes=\"auto, (max-width: 242px) 100vw, 242px\" \/><\/p>\n<p><iframe loading=\"lazy\" title=\"SYDNEY SWEENEY no Multiverso? A Hist\u00f3ria de Sydnie Swannery no Universo ASTRO NEXUS\" width=\"500\" height=\"281\" src=\"https:\/\/www.youtube.com\/embed\/rIyWt0JnOTE?feature=oembed\" frameborder=\"0\" allow=\"accelerometer; autoplay; clipboard-write; encrypted-media; gyroscope; picture-in-picture; web-share\" referrerpolicy=\"strict-origin-when-cross-origin\" allowfullscreen><\/iframe><\/p>\n<p>&nbsp;<\/p>\n","protected":false},"excerpt":{"rendered":"<p>Record aposta em muita\u00a0 a\u00e7\u00e3o ,neste\u00a0 domingo , 15 de mar\u00e7o de 2026: CINE MAIOR , 12h00 Dupla Explosiva(2017) &#8211;\u00a0Michael, um guarda-costas de elite, e Darius, um assassino de aluguel, se odeiam h\u00e1 anos. Quando Darius vira testemunha da Corte Internacional de Justi\u00e7a, Michael tem que proteger seu desafeto.A\u00e7\u00e3o , aventura , suspese e crime &hellip;<\/p>\n","protected":false},"author":3,"featured_media":3737,"comment_status":"open","ping_status":"open","sticky":false,"template":"","format":"standard","meta":{"_joinchat":[],"footnotes":""},"categories":[1],"tags":[267,141,125,206,51,68],"class_list":["post-13713","post","type-post","status-publish","format-standard","has-post-thumbnail","hentry","category-sem-categoria","tag-domingo","tag-filme","tag-jornalismo","tag-noticias-da-televisao","tag-record","tag-tv"],"aioseo_notices":[],"_links":{"self":[{"href":"https:\/\/allanproduz.com\/index.php?rest_route=\/wp\/v2\/posts\/13713","targetHints":{"allow":["GET"]}}],"collection":[{"href":"https:\/\/allanproduz.com\/index.php?rest_route=\/wp\/v2\/posts"}],"about":[{"href":"https:\/\/allanproduz.com\/index.php?rest_route=\/wp\/v2\/types\/post"}],"author":[{"embeddable":true,"href":"https:\/\/allanproduz.com\/index.php?rest_route=\/wp\/v2\/users\/3"}],"replies":[{"embeddable":true,"href":"https:\/\/allanproduz.com\/index.php?rest_route=%2Fwp%2Fv2%2Fcomments&post=13713"}],"version-history":[{"count":2,"href":"https:\/\/allanproduz.com\/index.php?rest_route=\/wp\/v2\/posts\/13713\/revisions"}],"predecessor-version":[{"id":13720,"href":"https:\/\/allanproduz.com\/index.php?rest_route=\/wp\/v2\/posts\/13713\/revisions\/13720"}],"wp:featuredmedia":[{"embeddable":true,"href":"https:\/\/allanproduz.com\/index.php?rest_route=\/wp\/v2\/media\/3737"}],"wp:attachment":[{"href":"https:\/\/allanproduz.com\/index.php?rest_route=%2Fwp%2Fv2%2Fmedia&parent=13713"}],"wp:term":[{"taxonomy":"category","embeddable":true,"href":"https:\/\/allanproduz.com\/index.php?rest_route=%2Fwp%2Fv2%2Fcategories&post=13713"},{"taxonomy":"post_tag","embeddable":true,"href":"https:\/\/allanproduz.com\/index.php?rest_route=%2Fwp%2Fv2%2Ftags&post=13713"}],"curies":[{"name":"wp","href":"https:\/\/api.w.org\/{rel}","templated":true}]}}