{"id":13674,"date":"2026-03-12T09:59:25","date_gmt":"2026-03-12T12:59:25","guid":{"rendered":"https:\/\/allanproduz.com\/?p=13674"},"modified":"2026-03-12T11:00:27","modified_gmt":"2026-03-12T14:00:27","slug":"casa-do-patrao-sem-definicao","status":"publish","type":"post","link":"https:\/\/allanproduz.com\/?p=13674","title":{"rendered":"Casa do Patr\u00e3o sem defini\u00e7\u00e3o"},"content":{"rendered":"<p>O novo reality da Record, A Casa do Patr\u00e3o tem data de estreia para 27 de abril e enfrenta dificuldades em ter um apresentador , isso n\u00e3o \u00e9 normal , talvez seja a quest\u00e3o financeira que n\u00e3o agrada. O problema\u00a0 no meu ver n\u00e3o est\u00e1 no canal e nem no reality e sim no olho grande , muitos acham tem que ganhar X ,mas n\u00e3o valem X e sim Y. O canal pode pagar , por\u00e9m dentro da sua realidade e por n\u00e3o ser contrato fixo , s\u00f3 por obra. Existe toda uma expectativa em volta desse reality e que nem lembre BBB e muito menos A Fazenda, seja algo diferent\u00e3o. E que o Boninho consiga o apresentador ideal que esteja dentro da realidade financeira da emissora. No caso da Adriane Galisteu que apresenta A Fazenda , ela tem contrato fixo , n\u00e3o \u00e9 por temporada de A Fazenda, caso record precise dela , ela tem que estar dispon\u00edvel.<\/p>\n<p><img loading=\"lazy\" decoding=\"async\" class=\"aligncenter size-medium wp-image-12648\" src=\"http:\/\/allanproduz.com\/wp-content\/uploads\/2026\/01\/612421024_122120059568991373_150126492136533227_n1-225x300.jpg\" alt=\"\" width=\"225\" height=\"300\" srcset=\"https:\/\/allanproduz.com\/wp-content\/uploads\/2026\/01\/612421024_122120059568991373_150126492136533227_n1-225x300.jpg 225w, https:\/\/allanproduz.com\/wp-content\/uploads\/2026\/01\/612421024_122120059568991373_150126492136533227_n1-768x1024.jpg 768w, https:\/\/allanproduz.com\/wp-content\/uploads\/2026\/01\/612421024_122120059568991373_150126492136533227_n1-1152x1536.jpg 1152w, https:\/\/allanproduz.com\/wp-content\/uploads\/2026\/01\/612421024_122120059568991373_150126492136533227_n1.jpg 1536w\" sizes=\"auto, (max-width: 225px) 100vw, 225px\" \/><\/p>\n<p><img loading=\"lazy\" decoding=\"async\" class=\"aligncenter size-medium wp-image-12626\" src=\"http:\/\/allanproduz.com\/wp-content\/uploads\/2026\/01\/post-2025-banner-opiniao-e-destaque-300x94.png\" alt=\"\" width=\"300\" height=\"94\" \/><\/p>\n<p>PS :<\/p>\n<p>&nbsp;<\/p>\n<p><strong>A Boa do Allan<\/strong>\u00a0sobre campanhas de mar\u00e7o:<\/p>\n<p><span class=\"T286Pc\" data-sfc-cp=\"\"><strong class=\"Yjhzub\">Mar\u00e7o Lil\u00e1s (C\u00e2ncer de Colo do \u00datero):<\/strong>\u00a0Foca na conscientiza\u00e7\u00e3o sobre o c\u00e2ncer cervical, incentivando exames preventivos como o Papanicolau e a vacina\u00e7\u00e3o contra o HPV para meninas e meninos de 9 a 14 anos.<\/span><\/p>\n<p><span class=\"T286Pc\" data-sfc-cp=\"\"><strong class=\"Yjhzub\">Mar\u00e7o Amarelo (Endometriose):<\/strong>\u00a0Visa conscientizar sobre a endometriose, uma doen\u00e7a cr\u00f4nica que afeta mulheres e pode causar dores intensas e infertilidade, incentivando o diagn\u00f3stico precoce<\/span><\/p>\n<div id=\"sdh_2Takaeq4DNfc1sQPy66iqQo_1\">.<\/div>\n<div id=\"sdh_2Takaeq4DNfc1sQPy66iqQo_2\">\n<p><span class=\"T286Pc\" data-sfc-cp=\"\"><strong class=\"Yjhzub\">Mar\u00e7o Azul-Marinho (C\u00e2ncer Colorretal):<\/strong>\u00a0Alerta para o c\u00e2ncer colorretal, um dos mais comuns no Brasil, especialmente em pessoas acima de 50 anos, focando na preven\u00e7\u00e3o e no exame de colonoscopia.<\/span><\/p>\n<\/div>\n<div id=\"sdh_2Takaeq4DNfc1sQPy66iqQo_3\">\n<p><span class=\"T286Pc\" data-sfc-cp=\"\"><strong class=\"Yjhzub\">Mar\u00e7o Roxo (Obesidade):<\/strong>\u00a0Em algumas fontes \u00e9 destacado para alertar sobre a obesidade, considerada uma doen\u00e7a cr\u00f4nica e desafio de sa\u00fade p\u00fablica.<\/span><\/p>\n<p style=\"text-align: center;\">OFERECIMENTOS<\/p>\n<p><img loading=\"lazy\" decoding=\"async\" class=\"aligncenter size-medium wp-image-12576\" src=\"http:\/\/allanproduz.com\/wp-content\/uploads\/2026\/01\/611380579_1405266771609838_1349094792374157180_n2-300x300.jpg\" alt=\"\" width=\"300\" height=\"300\" srcset=\"https:\/\/allanproduz.com\/wp-content\/uploads\/2026\/01\/611380579_1405266771609838_1349094792374157180_n2-300x300.jpg 300w, https:\/\/allanproduz.com\/wp-content\/uploads\/2026\/01\/611380579_1405266771609838_1349094792374157180_n2-150x150.jpg 150w, https:\/\/allanproduz.com\/wp-content\/uploads\/2026\/01\/611380579_1405266771609838_1349094792374157180_n2.jpg 479w\" sizes=\"auto, (max-width: 300px) 100vw, 300px\" \/><\/p>\n<p style=\"text-align: center;\">https:\/\/web.facebook.com\/Renesampaiodosreis<\/p>\n<div id=\"sdh_2Takaeq4DNfc1sQPy66iqQo_3\">\n<p><img loading=\"lazy\" decoding=\"async\" class=\"aligncenter size-medium wp-image-13061\" src=\"http:\/\/allanproduz.com\/wp-content\/uploads\/2026\/02\/626812370_2034357267138210_2786910969663758793_n2-300x300.jpg\" alt=\"\" width=\"300\" height=\"300\" srcset=\"https:\/\/allanproduz.com\/wp-content\/uploads\/2026\/02\/626812370_2034357267138210_2786910969663758793_n2-300x300.jpg 300w, https:\/\/allanproduz.com\/wp-content\/uploads\/2026\/02\/626812370_2034357267138210_2786910969663758793_n2-150x150.jpg 150w, https:\/\/allanproduz.com\/wp-content\/uploads\/2026\/02\/626812370_2034357267138210_2786910969663758793_n2.jpg 479w\" sizes=\"auto, (max-width: 300px) 100vw, 300px\" \/><\/p>\n<p style=\"text-align: center;\">https:\/\/www.vidks.net\/vid\/lucas-tv.ks<\/p>\n<\/div>\n<div id=\"sdh_2Takaeq4DNfc1sQPy66iqQo_3\">\n<p style=\"text-align: center;\">\n<\/div>\n<p><img loading=\"lazy\" decoding=\"async\" class=\"aligncenter size-medium wp-image-13392\" src=\"http:\/\/allanproduz.com\/wp-content\/uploads\/2026\/02\/641384603_2052083018698968_1551180208297412591_n1-242x300.jpg\" alt=\"\" width=\"242\" height=\"300\" srcset=\"https:\/\/allanproduz.com\/wp-content\/uploads\/2026\/02\/641384603_2052083018698968_1551180208297412591_n1-242x300.jpg 242w, https:\/\/allanproduz.com\/wp-content\/uploads\/2026\/02\/641384603_2052083018698968_1551180208297412591_n1-768x953.jpg 768w, https:\/\/allanproduz.com\/wp-content\/uploads\/2026\/02\/641384603_2052083018698968_1551180208297412591_n1.jpg 825w\" sizes=\"auto, (max-width: 242px) 100vw, 242px\" \/><\/p>\n<p>&nbsp;<\/p>\n<\/div>\n<p><iframe loading=\"lazy\" title=\"SYDNEY SWEENEY no Multiverso? A Hist\u00f3ria de Sydnie Swannery no Universo ASTRO NEXUS\" width=\"500\" height=\"281\" src=\"https:\/\/www.youtube.com\/embed\/rIyWt0JnOTE?feature=oembed\" frameborder=\"0\" allow=\"accelerometer; autoplay; clipboard-write; encrypted-media; gyroscope; picture-in-picture; web-share\" referrerpolicy=\"strict-origin-when-cross-origin\" allowfullscreen><\/iframe><\/p>\n","protected":false},"excerpt":{"rendered":"<p>O novo reality da Record, A Casa do Patr\u00e3o tem data de estreia para 27 de abril e enfrenta dificuldades em ter um apresentador , isso n\u00e3o \u00e9 normal , talvez seja a quest\u00e3o financeira que n\u00e3o agrada. O problema\u00a0 no meu ver n\u00e3o est\u00e1 no canal e nem no reality e sim no olho &hellip;<\/p>\n","protected":false},"author":3,"featured_media":12648,"comment_status":"open","ping_status":"open","sticky":false,"template":"","format":"standard","meta":{"_joinchat":[],"footnotes":""},"categories":[1],"tags":[125,206,134,51,68],"class_list":["post-13674","post","type-post","status-publish","format-standard","has-post-thumbnail","hentry","category-sem-categoria","tag-jornalismo","tag-noticias-da-televisao","tag-reality","tag-record","tag-tv"],"aioseo_notices":[],"_links":{"self":[{"href":"https:\/\/allanproduz.com\/index.php?rest_route=\/wp\/v2\/posts\/13674","targetHints":{"allow":["GET"]}}],"collection":[{"href":"https:\/\/allanproduz.com\/index.php?rest_route=\/wp\/v2\/posts"}],"about":[{"href":"https:\/\/allanproduz.com\/index.php?rest_route=\/wp\/v2\/types\/post"}],"author":[{"embeddable":true,"href":"https:\/\/allanproduz.com\/index.php?rest_route=\/wp\/v2\/users\/3"}],"replies":[{"embeddable":true,"href":"https:\/\/allanproduz.com\/index.php?rest_route=%2Fwp%2Fv2%2Fcomments&post=13674"}],"version-history":[{"count":2,"href":"https:\/\/allanproduz.com\/index.php?rest_route=\/wp\/v2\/posts\/13674\/revisions"}],"predecessor-version":[{"id":13677,"href":"https:\/\/allanproduz.com\/index.php?rest_route=\/wp\/v2\/posts\/13674\/revisions\/13677"}],"wp:featuredmedia":[{"embeddable":true,"href":"https:\/\/allanproduz.com\/index.php?rest_route=\/wp\/v2\/media\/12648"}],"wp:attachment":[{"href":"https:\/\/allanproduz.com\/index.php?rest_route=%2Fwp%2Fv2%2Fmedia&parent=13674"}],"wp:term":[{"taxonomy":"category","embeddable":true,"href":"https:\/\/allanproduz.com\/index.php?rest_route=%2Fwp%2Fv2%2Fcategories&post=13674"},{"taxonomy":"post_tag","embeddable":true,"href":"https:\/\/allanproduz.com\/index.php?rest_route=%2Fwp%2Fv2%2Ftags&post=13674"}],"curies":[{"name":"wp","href":"https:\/\/api.w.org\/{rel}","templated":true}]}}