{"id":13645,"date":"2026-03-10T13:03:35","date_gmt":"2026-03-10T16:03:35","guid":{"rendered":"https:\/\/allanproduz.com\/?p=13645"},"modified":"2026-03-11T13:47:44","modified_gmt":"2026-03-11T16:47:44","slug":"rede-ngt-da-as-caras-em-evento","status":"publish","type":"post","link":"https:\/\/allanproduz.com\/?p=13645","title":{"rendered":"Rede NGT comparece em evento"},"content":{"rendered":"<p><strong>Rede NGT<\/strong> d\u00e1 as caras em evento , o 11\u00b0 expoforum de turismo em S\u00e3o Paulo, a equipe de reportagem\u00a0 da emissora marcou presen\u00e7a e mostra com detalhes como foi esse evento. Vale lembrar que a emissora abra\u00e7a o turismo e comparece em todos os eventos . Reportagens de Vivy Imp\u00e9rio e Wagner Imp\u00e9rio. O lan\u00e7amento da academia do turismo foi o centro das aten\u00e7\u00f5es do evento e ganhou destaque na reportagem . O telejornal NGT Not\u00edcias vai ao ar de segunda a sexta, \u00e0s 17h30. confira onde assistir o canal:<\/p>\n<p><iframe loading=\"lazy\" title=\"VISITE S\u00c3O PAULO REALIZA O 11\u00ba Expoforum DE TURISMO\" width=\"500\" height=\"281\" src=\"https:\/\/www.youtube.com\/embed\/xZIvM4dlC7A?feature=oembed\" frameborder=\"0\" allow=\"accelerometer; autoplay; clipboard-write; encrypted-media; gyroscope; picture-in-picture; web-share\" referrerpolicy=\"strict-origin-when-cross-origin\" allowfullscreen><\/iframe><\/p>\n<p><strong>www.redengt.com.br<\/strong><\/p>\n<p><strong>RIo canal 12.1 e 12.2<\/strong><\/p>\n<p><strong>S\u00e3o Paulo 3.1 e 3.2<\/strong><\/p>\n<p><strong>SoulTV 148\u00a0<\/strong><\/p>\n<p><strong>Net \/Claro 17.1<\/strong><\/p>\n<p><strong>Sky Regional RJ 312.1<\/strong><\/p>\n<p><strong>Sky regional SP 303.1<\/strong><\/p>\n<p>PS:<\/p>\n<p><strong>A Boa do Allan<\/strong>\u00a0sobre campanhas de mar\u00e7o:<\/p>\n<p><span class=\"T286Pc\" data-sfc-cp=\"\"><strong class=\"Yjhzub\">Mar\u00e7o Lil\u00e1s (C\u00e2ncer de Colo do \u00datero):<\/strong>\u00a0Foca na conscientiza\u00e7\u00e3o sobre o c\u00e2ncer cervical, incentivando exames preventivos como o Papanicolau e a vacina\u00e7\u00e3o contra o HPV para meninas e meninos de 9 a 14 anos.<\/span><\/p>\n<p><span class=\"T286Pc\" data-sfc-cp=\"\"><strong class=\"Yjhzub\">Mar\u00e7o Amarelo (Endometriose):<\/strong>\u00a0Visa conscientizar sobre a endometriose, uma doen\u00e7a cr\u00f4nica que afeta mulheres e pode causar dores intensas e infertilidade, incentivando o diagn\u00f3stico precoce<\/span><\/p>\n<div id=\"sdh_2Takaeq4DNfc1sQPy66iqQo_1\">.<\/div>\n<div id=\"sdh_2Takaeq4DNfc1sQPy66iqQo_2\">\n<p><span class=\"T286Pc\" data-sfc-cp=\"\"><strong class=\"Yjhzub\">Mar\u00e7o Azul-Marinho (C\u00e2ncer Colorretal):<\/strong>\u00a0Alerta para o c\u00e2ncer colorretal, um dos mais comuns no Brasil, especialmente em pessoas acima de 50 anos, focando na preven\u00e7\u00e3o e no exame de colonoscopia.<\/span><\/p>\n<\/div>\n<div id=\"sdh_2Takaeq4DNfc1sQPy66iqQo_3\">\n<p><span class=\"T286Pc\" data-sfc-cp=\"\"><strong class=\"Yjhzub\">Mar\u00e7o Roxo (Obesidade):<\/strong>\u00a0Em algumas fontes \u00e9 destacado para alertar sobre a obesidade, considerada uma doen\u00e7a cr\u00f4nica e desafio de sa\u00fade p\u00fablica.<\/span><\/p>\n<p style=\"text-align: center;\">OFERECIMENTOS<\/p>\n<p><img loading=\"lazy\" decoding=\"async\" class=\"aligncenter size-medium wp-image-13514\" src=\"http:\/\/allanproduz.com\/wp-content\/uploads\/2026\/03\/645193484_2058562101384393_3604374900068412733_n-300x300.jpg\" alt=\"\" width=\"300\" height=\"300\" srcset=\"https:\/\/allanproduz.com\/wp-content\/uploads\/2026\/03\/645193484_2058562101384393_3604374900068412733_n-300x300.jpg 300w, https:\/\/allanproduz.com\/wp-content\/uploads\/2026\/03\/645193484_2058562101384393_3604374900068412733_n-150x150.jpg 150w, https:\/\/allanproduz.com\/wp-content\/uploads\/2026\/03\/645193484_2058562101384393_3604374900068412733_n.jpg 479w\" sizes=\"auto, (max-width: 300px) 100vw, 300px\" \/><\/p>\n<p style=\"text-align: center;\">https:\/\/www.instagram.com\/re_ne2702\/?hl=pt-br<\/p>\n<p><img loading=\"lazy\" decoding=\"async\" class=\"aligncenter size-medium wp-image-13061\" src=\"http:\/\/allanproduz.com\/wp-content\/uploads\/2026\/02\/626812370_2034357267138210_2786910969663758793_n2-300x300.jpg\" alt=\"\" width=\"300\" height=\"300\" srcset=\"https:\/\/allanproduz.com\/wp-content\/uploads\/2026\/02\/626812370_2034357267138210_2786910969663758793_n2-300x300.jpg 300w, https:\/\/allanproduz.com\/wp-content\/uploads\/2026\/02\/626812370_2034357267138210_2786910969663758793_n2-150x150.jpg 150w, https:\/\/allanproduz.com\/wp-content\/uploads\/2026\/02\/626812370_2034357267138210_2786910969663758793_n2.jpg 479w\" sizes=\"auto, (max-width: 300px) 100vw, 300px\" \/><\/p>\n<p style=\"text-align: center;\">https:\/\/www.vidks.net\/vid\/lucas-tv.ks<\/p>\n<p><img loading=\"lazy\" decoding=\"async\" class=\"aligncenter size-medium wp-image-13392\" src=\"http:\/\/allanproduz.com\/wp-content\/uploads\/2026\/02\/641384603_2052083018698968_1551180208297412591_n1-242x300.jpg\" alt=\"\" width=\"242\" height=\"300\" srcset=\"https:\/\/allanproduz.com\/wp-content\/uploads\/2026\/02\/641384603_2052083018698968_1551180208297412591_n1-242x300.jpg 242w, https:\/\/allanproduz.com\/wp-content\/uploads\/2026\/02\/641384603_2052083018698968_1551180208297412591_n1-768x953.jpg 768w, https:\/\/allanproduz.com\/wp-content\/uploads\/2026\/02\/641384603_2052083018698968_1551180208297412591_n1.jpg 825w\" sizes=\"auto, (max-width: 242px) 100vw, 242px\" \/><\/p>\n<p><iframe loading=\"lazy\" title=\"SYDNEY SWEENEY no Multiverso? A Hist\u00f3ria de Sydnie Swannery no Universo ASTRO NEXUS\" width=\"500\" height=\"281\" src=\"https:\/\/www.youtube.com\/embed\/rIyWt0JnOTE?feature=oembed\" frameborder=\"0\" allow=\"accelerometer; autoplay; clipboard-write; encrypted-media; gyroscope; picture-in-picture; web-share\" referrerpolicy=\"strict-origin-when-cross-origin\" allowfullscreen><\/iframe><\/p>\n<\/div>\n","protected":false},"excerpt":{"rendered":"<p>Rede NGT d\u00e1 as caras em evento , o 11\u00b0 expoforum de turismo em S\u00e3o Paulo, a equipe de reportagem\u00a0 da emissora marcou presen\u00e7a e mostra com detalhes como foi esse evento. Vale lembrar que a emissora abra\u00e7a o turismo e comparece em todos os eventos . Reportagens de Vivy Imp\u00e9rio e Wagner Imp\u00e9rio. O &hellip;<\/p>\n","protected":false},"author":3,"featured_media":1434,"comment_status":"open","ping_status":"open","sticky":false,"template":"","format":"standard","meta":{"_joinchat":[],"footnotes":""},"categories":[1],"tags":[125,206,63,68],"class_list":["post-13645","post","type-post","status-publish","format-standard","has-post-thumbnail","hentry","category-sem-categoria","tag-jornalismo","tag-noticias-da-televisao","tag-rede-ngt","tag-tv"],"aioseo_notices":[],"_links":{"self":[{"href":"https:\/\/allanproduz.com\/index.php?rest_route=\/wp\/v2\/posts\/13645","targetHints":{"allow":["GET"]}}],"collection":[{"href":"https:\/\/allanproduz.com\/index.php?rest_route=\/wp\/v2\/posts"}],"about":[{"href":"https:\/\/allanproduz.com\/index.php?rest_route=\/wp\/v2\/types\/post"}],"author":[{"embeddable":true,"href":"https:\/\/allanproduz.com\/index.php?rest_route=\/wp\/v2\/users\/3"}],"replies":[{"embeddable":true,"href":"https:\/\/allanproduz.com\/index.php?rest_route=%2Fwp%2Fv2%2Fcomments&post=13645"}],"version-history":[{"count":4,"href":"https:\/\/allanproduz.com\/index.php?rest_route=\/wp\/v2\/posts\/13645\/revisions"}],"predecessor-version":[{"id":13665,"href":"https:\/\/allanproduz.com\/index.php?rest_route=\/wp\/v2\/posts\/13645\/revisions\/13665"}],"wp:featuredmedia":[{"embeddable":true,"href":"https:\/\/allanproduz.com\/index.php?rest_route=\/wp\/v2\/media\/1434"}],"wp:attachment":[{"href":"https:\/\/allanproduz.com\/index.php?rest_route=%2Fwp%2Fv2%2Fmedia&parent=13645"}],"wp:term":[{"taxonomy":"category","embeddable":true,"href":"https:\/\/allanproduz.com\/index.php?rest_route=%2Fwp%2Fv2%2Fcategories&post=13645"},{"taxonomy":"post_tag","embeddable":true,"href":"https:\/\/allanproduz.com\/index.php?rest_route=%2Fwp%2Fv2%2Ftags&post=13645"}],"curies":[{"name":"wp","href":"https:\/\/api.w.org\/{rel}","templated":true}]}}