{"id":13619,"date":"2026-03-08T07:54:44","date_gmt":"2026-03-08T10:54:44","guid":{"rendered":"https:\/\/allanproduz.com\/?p=13619"},"modified":"2026-03-08T08:27:39","modified_gmt":"2026-03-08T11:27:39","slug":"rede-ngt-erra-na-logo","status":"publish","type":"post","link":"https:\/\/allanproduz.com\/?p=13619","title":{"rendered":"REDE NGT erra na logo"},"content":{"rendered":"<div dir=\"auto\">Dei uma parada na rede NGT neste s\u00e1bado e tive uma surpresa com a logo da emissora. N\u00e3o s\u00f3 no modo que colocaram , na parte superior da tela a direita e n\u00e3o onde era para estar na parte inferior e direita da tela . O que me chamou a aten\u00e7\u00e3o foi o exagero das cores do canal e a sigla do canal NGT em preto que sumia em v\u00e1rios\u00a0 momentos dos programas que eram exibidos. A imagem que passou foi de um descuido com a imagem do canal. A logo da TV deve ter uma marca d&#8217;\u00e1gua discreta que nem brilhe demais e nem fique apagada. Dessa vez erraram feio na m\u00e3o.<\/div>\n<div dir=\"auto\"><\/div>\n<div dir=\"auto\"><img loading=\"lazy\" decoding=\"async\" class=\"aligncenter size-medium wp-image-12627\" src=\"http:\/\/allanproduz.com\/wp-content\/uploads\/2026\/01\/post-2025-banner-opiniao-e-destaque-pequeno-300x93.png\" alt=\"\" width=\"300\" height=\"93\" srcset=\"https:\/\/allanproduz.com\/wp-content\/uploads\/2026\/01\/post-2025-banner-opiniao-e-destaque-pequeno-300x93.png 300w, https:\/\/allanproduz.com\/wp-content\/uploads\/2026\/01\/post-2025-banner-opiniao-e-destaque-pequeno.png 504w\" sizes=\"auto, (max-width: 300px) 100vw, 300px\" \/><\/div>\n<div dir=\"auto\">PS : Confira onde assistir Rede NGT<\/div>\n<div dir=\"auto\">\n<p><strong>www.redengt.com.br<\/strong><\/p>\n<p><strong>RIo canal 12.1 e 12.2<\/strong><\/p>\n<p><strong>S\u00e3o Paulo 3.1 e 3.2<\/strong><\/p>\n<p><strong>SoulTV 148\u00a0<\/strong><\/p>\n<p><strong>Net \/Claro 17.1<\/strong><\/p>\n<p><strong>Sky Regional RJ 312.1<\/strong><\/p>\n<p><strong>Sky regional SP 303.1<\/strong><\/p>\n<p>PPS :<\/p>\n<p><strong>A Boa do Allan<\/strong>\u00a0sobre campanhas de mar\u00e7o:<\/p>\n<p><span class=\"T286Pc\" data-sfc-cp=\"\"><strong class=\"Yjhzub\">Mar\u00e7o Lil\u00e1s (C\u00e2ncer de Colo do \u00datero):<\/strong>\u00a0Foca na conscientiza\u00e7\u00e3o sobre o c\u00e2ncer cervical, incentivando exames preventivos como o Papanicolau e a vacina\u00e7\u00e3o contra o HPV para meninas e meninos de 9 a 14 anos.<\/span><\/p>\n<p><span class=\"T286Pc\" data-sfc-cp=\"\"><strong class=\"Yjhzub\">Mar\u00e7o Amarelo (Endometriose):<\/strong>\u00a0Visa conscientizar sobre a endometriose, uma doen\u00e7a cr\u00f4nica que afeta mulheres e pode causar dores intensas e infertilidade, incentivando o diagn\u00f3stico precoce<\/span><\/p>\n<div id=\"sdh_2Takaeq4DNfc1sQPy66iqQo_1\">.<\/div>\n<div id=\"sdh_2Takaeq4DNfc1sQPy66iqQo_2\">\n<p><span class=\"T286Pc\" data-sfc-cp=\"\"><strong class=\"Yjhzub\">Mar\u00e7o Azul-Marinho (C\u00e2ncer Colorretal):<\/strong>\u00a0Alerta para o c\u00e2ncer colorretal, um dos mais comuns no Brasil, especialmente em pessoas acima de 50 anos, focando na preven\u00e7\u00e3o e no exame de colonoscopia.<\/span><\/p>\n<\/div>\n<div id=\"sdh_2Takaeq4DNfc1sQPy66iqQo_3\">\n<p><span class=\"T286Pc\" data-sfc-cp=\"\"><strong class=\"Yjhzub\">Mar\u00e7o Roxo (Obesidade):<\/strong>\u00a0Em algumas fontes \u00e9 destacado para alertar sobre a obesidade, considerada uma doen\u00e7a cr\u00f4nica e desafio de sa\u00fade p\u00fablica.<\/span><\/p>\n<p style=\"text-align: center;\">OFERECIMENTOS<\/p>\n<p><img loading=\"lazy\" decoding=\"async\" class=\"aligncenter size-medium wp-image-13514\" src=\"http:\/\/allanproduz.com\/wp-content\/uploads\/2026\/03\/645193484_2058562101384393_3604374900068412733_n-300x300.jpg\" alt=\"\" width=\"300\" height=\"300\" srcset=\"https:\/\/allanproduz.com\/wp-content\/uploads\/2026\/03\/645193484_2058562101384393_3604374900068412733_n-300x300.jpg 300w, https:\/\/allanproduz.com\/wp-content\/uploads\/2026\/03\/645193484_2058562101384393_3604374900068412733_n-150x150.jpg 150w, https:\/\/allanproduz.com\/wp-content\/uploads\/2026\/03\/645193484_2058562101384393_3604374900068412733_n.jpg 479w\" sizes=\"auto, (max-width: 300px) 100vw, 300px\" \/><\/p>\n<div id=\"sdh_2Takaeq4DNfc1sQPy66iqQo_3\">\n<p style=\"text-align: center;\">https:\/\/www.instagram.com\/re_ne2702\/?hl=pt-br<\/p>\n<p><img loading=\"lazy\" decoding=\"async\" class=\"aligncenter size-medium wp-image-13061\" src=\"http:\/\/allanproduz.com\/wp-content\/uploads\/2026\/02\/626812370_2034357267138210_2786910969663758793_n2-300x300.jpg\" alt=\"\" width=\"300\" height=\"300\" srcset=\"https:\/\/allanproduz.com\/wp-content\/uploads\/2026\/02\/626812370_2034357267138210_2786910969663758793_n2-300x300.jpg 300w, https:\/\/allanproduz.com\/wp-content\/uploads\/2026\/02\/626812370_2034357267138210_2786910969663758793_n2-150x150.jpg 150w, https:\/\/allanproduz.com\/wp-content\/uploads\/2026\/02\/626812370_2034357267138210_2786910969663758793_n2.jpg 479w\" sizes=\"auto, (max-width: 300px) 100vw, 300px\" \/><\/p>\n<\/div>\n<\/div>\n<\/div>\n<div dir=\"auto\" style=\"text-align: center;\">https:\/\/www.vidks.net\/vid\/lucas-tv.ks<\/div>\n<div dir=\"auto\"><img loading=\"lazy\" decoding=\"async\" class=\"aligncenter size-medium wp-image-13392\" src=\"http:\/\/allanproduz.com\/wp-content\/uploads\/2026\/02\/641384603_2052083018698968_1551180208297412591_n1-242x300.jpg\" alt=\"\" width=\"242\" height=\"300\" srcset=\"https:\/\/allanproduz.com\/wp-content\/uploads\/2026\/02\/641384603_2052083018698968_1551180208297412591_n1-242x300.jpg 242w, https:\/\/allanproduz.com\/wp-content\/uploads\/2026\/02\/641384603_2052083018698968_1551180208297412591_n1-768x953.jpg 768w, https:\/\/allanproduz.com\/wp-content\/uploads\/2026\/02\/641384603_2052083018698968_1551180208297412591_n1.jpg 825w\" sizes=\"auto, (max-width: 242px) 100vw, 242px\" \/><\/div>\n<div dir=\"auto\"><\/div>\n<div dir=\"auto\" style=\"text-align: center;\">https:\/\/youtu.be\/rIyWt0JnOTE?si=or9aKgDF2Ht5N8E8<\/div>\n","protected":false},"excerpt":{"rendered":"<p>Dei uma parada na rede NGT neste s\u00e1bado e tive uma surpresa com a logo da emissora. N\u00e3o s\u00f3 no modo que colocaram , na parte superior da tela a direita e n\u00e3o onde era para estar na parte inferior e direita da tela . O que me chamou a aten\u00e7\u00e3o foi o exagero das &hellip;<\/p>\n","protected":false},"author":3,"featured_media":1642,"comment_status":"open","ping_status":"open","sticky":false,"template":"","format":"standard","meta":{"_joinchat":[],"footnotes":""},"categories":[1],"tags":[267,303,125,206,63,68],"class_list":["post-13619","post","type-post","status-publish","format-standard","has-post-thumbnail","hentry","category-sem-categoria","tag-domingo","tag-filmes","tag-jornalismo","tag-noticias-da-televisao","tag-rede-ngt","tag-tv"],"aioseo_notices":[],"_links":{"self":[{"href":"https:\/\/allanproduz.com\/index.php?rest_route=\/wp\/v2\/posts\/13619","targetHints":{"allow":["GET"]}}],"collection":[{"href":"https:\/\/allanproduz.com\/index.php?rest_route=\/wp\/v2\/posts"}],"about":[{"href":"https:\/\/allanproduz.com\/index.php?rest_route=\/wp\/v2\/types\/post"}],"author":[{"embeddable":true,"href":"https:\/\/allanproduz.com\/index.php?rest_route=\/wp\/v2\/users\/3"}],"replies":[{"embeddable":true,"href":"https:\/\/allanproduz.com\/index.php?rest_route=%2Fwp%2Fv2%2Fcomments&post=13619"}],"version-history":[{"count":2,"href":"https:\/\/allanproduz.com\/index.php?rest_route=\/wp\/v2\/posts\/13619\/revisions"}],"predecessor-version":[{"id":13622,"href":"https:\/\/allanproduz.com\/index.php?rest_route=\/wp\/v2\/posts\/13619\/revisions\/13622"}],"wp:featuredmedia":[{"embeddable":true,"href":"https:\/\/allanproduz.com\/index.php?rest_route=\/wp\/v2\/media\/1642"}],"wp:attachment":[{"href":"https:\/\/allanproduz.com\/index.php?rest_route=%2Fwp%2Fv2%2Fmedia&parent=13619"}],"wp:term":[{"taxonomy":"category","embeddable":true,"href":"https:\/\/allanproduz.com\/index.php?rest_route=%2Fwp%2Fv2%2Fcategories&post=13619"},{"taxonomy":"post_tag","embeddable":true,"href":"https:\/\/allanproduz.com\/index.php?rest_route=%2Fwp%2Fv2%2Ftags&post=13619"}],"curies":[{"name":"wp","href":"https:\/\/api.w.org\/{rel}","templated":true}]}}