{"id":13389,"date":"2026-02-23T11:18:58","date_gmt":"2026-02-23T14:18:58","guid":{"rendered":"https:\/\/allanproduz.com\/?p=13389"},"modified":"2026-02-23T21:11:43","modified_gmt":"2026-02-24T00:11:43","slug":"radio-nacional-completa-90-anos","status":"publish","type":"post","link":"https:\/\/allanproduz.com\/?p=13389","title":{"rendered":"Radio nacional completa 90 anos"},"content":{"rendered":"<p>Radio nacional completa 90 anos e de presente para os ouvintes tem a estreia do programa Al\u00f4 al\u00f4 Brasil , o novo programa de r\u00e1dio com estreia de Datena , a estreia ocorreu hoje na faixa das 8h da manh\u00e3 e seguiu at\u00e9 as 10h. O programa aborda v\u00e1rios assuntos e vai ao ar de segunda a sexta. confira ode sintonizar a r\u00e1dio:<\/p>\n<p>Bras\u00edlia: FM 96,1 MHz e AM 980 Khz<br \/>\nRio de Janeiro: FM 87,1 MHz e AM 1130 kHz<br \/>\nS\u00e3o Paulo: FM 87,1 MHz<br \/>\nRecife: FM 87,1 MHz<br \/>\nS\u00e3o Lu\u00eds: FM 93,7 MHz<br \/>\nAmaz\u00f4nia: 11.780KHz e 6.180KHz OC<br \/>\nAlto Solim\u00f5es: FM 96,1 MHz<br \/>\nCelular &#8211; App R\u00e1dios EBC para Android e iOS<\/p>\n<p>Fonte\u00a0 Ag\u00eanciaBrasil ( sobre a grade )<\/p>\n<p>&nbsp;<\/p>\n<p>PS: informa\u00e7oes sobre radio nacioal busque na lupa do site<\/p>\n<p>PPS:<\/p>\n<ul class=\"KsbFXc U6u95\">\n<li data-hveid=\"CAEIABAH\"><span class=\"T286Pc\" data-sfc-cp=\"\"><strong class=\"Yjhzub\">Fevereiro Roxo (Doen\u00e7as Cr\u00f4nicas):<\/strong>\u00a0Foca em conscientizar sobre o L\u00fapus, Alzheimer e Fibromialgia, doen\u00e7as que n\u00e3o t\u00eam cura, mas exigem diagn\u00f3stico precoce e tratamentos para controle e qualidade de vida.<\/span><\/li>\n<li data-hveid=\"CAEIABAI\"><span class=\"T286Pc\" data-sfc-cp=\"\"><strong class=\"Yjhzub\">Fevereiro Laranja (Leucemia e Medula):<\/strong>\u00a0Foca na conscientiza\u00e7\u00e3o sobre a leucemia (c\u00e2ncer no sangue\/medula \u00f3ssea) e incentiva o cadastro para doa\u00e7\u00e3o de medula \u00f3ssea.<\/span><\/li>\n<li data-hveid=\"CAEIABAJ\"><span class=\"T286Pc\" data-sfc-cp=\"\"><strong class=\"Yjhzub\">Fevereiro Sem Celular:<\/strong>\u00a0Campanha focada na sa\u00fade mental, incentivando a redu\u00e7\u00e3o do uso de smartphones para melhorar o bem-estar e reduzir ansiedade (\u00a0<strong>A Boa do Allan<\/strong>\u00a0)\u00a0<\/span><\/li>\n<\/ul>\n","protected":false},"excerpt":{"rendered":"<p>Radio nacional completa 90 anos e de presente para os ouvintes tem a estreia do programa Al\u00f4 al\u00f4 Brasil , o novo programa de r\u00e1dio com estreia de Datena , a estreia ocorreu hoje na faixa das 8h da manh\u00e3 e seguiu at\u00e9 as 10h. O programa aborda v\u00e1rios assuntos e vai ao ar de &hellip;<\/p>\n","protected":false},"author":3,"featured_media":1745,"comment_status":"open","ping_status":"open","sticky":false,"template":"","format":"standard","meta":{"_joinchat":[],"footnotes":""},"categories":[1],"tags":[1180,125,172],"class_list":["post-13389","post","type-post","status-publish","format-standard","has-post-thumbnail","hentry","category-sem-categoria","tag-ebc","tag-jornalismo","tag-radio"],"aioseo_notices":[],"_links":{"self":[{"href":"https:\/\/allanproduz.com\/index.php?rest_route=\/wp\/v2\/posts\/13389","targetHints":{"allow":["GET"]}}],"collection":[{"href":"https:\/\/allanproduz.com\/index.php?rest_route=\/wp\/v2\/posts"}],"about":[{"href":"https:\/\/allanproduz.com\/index.php?rest_route=\/wp\/v2\/types\/post"}],"author":[{"embeddable":true,"href":"https:\/\/allanproduz.com\/index.php?rest_route=\/wp\/v2\/users\/3"}],"replies":[{"embeddable":true,"href":"https:\/\/allanproduz.com\/index.php?rest_route=%2Fwp%2Fv2%2Fcomments&post=13389"}],"version-history":[{"count":1,"href":"https:\/\/allanproduz.com\/index.php?rest_route=\/wp\/v2\/posts\/13389\/revisions"}],"predecessor-version":[{"id":13390,"href":"https:\/\/allanproduz.com\/index.php?rest_route=\/wp\/v2\/posts\/13389\/revisions\/13390"}],"wp:featuredmedia":[{"embeddable":true,"href":"https:\/\/allanproduz.com\/index.php?rest_route=\/wp\/v2\/media\/1745"}],"wp:attachment":[{"href":"https:\/\/allanproduz.com\/index.php?rest_route=%2Fwp%2Fv2%2Fmedia&parent=13389"}],"wp:term":[{"taxonomy":"category","embeddable":true,"href":"https:\/\/allanproduz.com\/index.php?rest_route=%2Fwp%2Fv2%2Fcategories&post=13389"},{"taxonomy":"post_tag","embeddable":true,"href":"https:\/\/allanproduz.com\/index.php?rest_route=%2Fwp%2Fv2%2Ftags&post=13389"}],"curies":[{"name":"wp","href":"https:\/\/api.w.org\/{rel}","templated":true}]}}