{"id":13026,"date":"2026-02-02T09:32:02","date_gmt":"2026-02-02T12:32:02","guid":{"rendered":"https:\/\/allanproduz.com\/?p=13026"},"modified":"2026-02-02T10:01:14","modified_gmt":"2026-02-02T13:01:14","slug":"katiuzia-rios-estreia-no-brasil-do-povo","status":"publish","type":"post","link":"https:\/\/allanproduz.com\/?p=13026","title":{"rendered":"Katiuzia Rios estreia no Brasil do Povo"},"content":{"rendered":"<p>Katiuzia Rios estreia no Brasil do Povo, hoje , segunda, 2 de fevereiro , \u00e0s 18h. Antes Katiuza Rios vai ter uma intera\u00e7\u00e3o com a Sonia Abr\u00e3o no A Tarde \u00e9 Sua na reta final do programa como ocorria com Datena. Brasil do Povo \u00e9 de segunda a s\u00e1bado. A atra\u00e7\u00e3o vai ter mais leveza \u00e9 o que promete Katiuza Rios que tem 25 anos de experi\u00eancia no jornalismo.<\/p>\n<p>PS :<\/p>\n<ul class=\"KsbFXc U6u95\">\n<li data-hveid=\"CAEIABAH\"><span class=\"T286Pc\" data-sfc-cp=\"\"><strong class=\"Yjhzub\">Fevereiro Roxo (Doen\u00e7as Cr\u00f4nicas):<\/strong>\u00a0Foca em conscientizar sobre o L\u00fapus, Alzheimer e Fibromialgia, doen\u00e7as que n\u00e3o t\u00eam cura, mas exigem diagn\u00f3stico precoce e tratamentos para controle e qualidade de vida.<\/span><\/li>\n<li data-hveid=\"CAEIABAI\"><span class=\"T286Pc\" data-sfc-cp=\"\"><strong class=\"Yjhzub\">Fevereiro Laranja (Leucemia e Medula):<\/strong>\u00a0Foca na conscientiza\u00e7\u00e3o sobre a leucemia (c\u00e2ncer no sangue\/medula \u00f3ssea) e incentiva o cadastro para doa\u00e7\u00e3o de medula \u00f3ssea.<\/span><\/li>\n<li data-hveid=\"CAEIABAJ\"><span class=\"T286Pc\" data-sfc-cp=\"\"><strong class=\"Yjhzub\">Fevereiro Sem Celular:<\/strong>\u00a0Campanha focada na sa\u00fade mental, incentivando a redu\u00e7\u00e3o do uso de smartphones para melhorar o bem-estar e reduzir ansiedade<\/span><\/li>\n<\/ul>\n<p>&nbsp;<\/p>\n","protected":false},"excerpt":{"rendered":"<p>Katiuzia Rios estreia no Brasil do Povo, hoje , segunda, 2 de fevereiro , \u00e0s 18h. Antes Katiuza Rios vai ter uma intera\u00e7\u00e3o com a Sonia Abr\u00e3o no A Tarde \u00e9 Sua na reta final do programa como ocorria com Datena. Brasil do Povo \u00e9 de segunda a s\u00e1bado. A atra\u00e7\u00e3o vai ter mais leveza &hellip;<\/p>\n","protected":false},"author":3,"featured_media":12909,"comment_status":"open","ping_status":"open","sticky":false,"template":"","format":"standard","meta":{"_joinchat":[],"footnotes":""},"categories":[1],"tags":[125,206,42,68],"class_list":["post-13026","post","type-post","status-publish","format-standard","has-post-thumbnail","hentry","category-sem-categoria","tag-jornalismo","tag-noticias-da-televisao","tag-redetv","tag-tv"],"aioseo_notices":[],"_links":{"self":[{"href":"https:\/\/allanproduz.com\/index.php?rest_route=\/wp\/v2\/posts\/13026","targetHints":{"allow":["GET"]}}],"collection":[{"href":"https:\/\/allanproduz.com\/index.php?rest_route=\/wp\/v2\/posts"}],"about":[{"href":"https:\/\/allanproduz.com\/index.php?rest_route=\/wp\/v2\/types\/post"}],"author":[{"embeddable":true,"href":"https:\/\/allanproduz.com\/index.php?rest_route=\/wp\/v2\/users\/3"}],"replies":[{"embeddable":true,"href":"https:\/\/allanproduz.com\/index.php?rest_route=%2Fwp%2Fv2%2Fcomments&post=13026"}],"version-history":[{"count":2,"href":"https:\/\/allanproduz.com\/index.php?rest_route=\/wp\/v2\/posts\/13026\/revisions"}],"predecessor-version":[{"id":13039,"href":"https:\/\/allanproduz.com\/index.php?rest_route=\/wp\/v2\/posts\/13026\/revisions\/13039"}],"wp:featuredmedia":[{"embeddable":true,"href":"https:\/\/allanproduz.com\/index.php?rest_route=\/wp\/v2\/media\/12909"}],"wp:attachment":[{"href":"https:\/\/allanproduz.com\/index.php?rest_route=%2Fwp%2Fv2%2Fmedia&parent=13026"}],"wp:term":[{"taxonomy":"category","embeddable":true,"href":"https:\/\/allanproduz.com\/index.php?rest_route=%2Fwp%2Fv2%2Fcategories&post=13026"},{"taxonomy":"post_tag","embeddable":true,"href":"https:\/\/allanproduz.com\/index.php?rest_route=%2Fwp%2Fv2%2Ftags&post=13026"}],"curies":[{"name":"wp","href":"https:\/\/api.w.org\/{rel}","templated":true}]}}