{"id":12850,"date":"2026-01-23T06:03:37","date_gmt":"2026-01-23T09:03:37","guid":{"rendered":"https:\/\/allanproduz.com\/?p=12850"},"modified":"2026-01-23T08:19:12","modified_gmt":"2026-01-23T11:19:12","slug":"cnt-nulti-noticias-e-diario","status":"publish","type":"post","link":"https:\/\/allanproduz.com\/?p=12850","title":{"rendered":"CNT Nulti Not\u00edcias \u00e9 di\u00e1rio"},"content":{"rendered":"<p>O <strong>CNT multi Not\u00edcias<\/strong> \u00e9 exibido de segunda a domingo sempre, \u00e0s 22h .segunda a sexta tem dura\u00e7\u00e3o de 24 minutos , s\u00e1bado e domingo tamb\u00e9m com reprise dos maiores destaques da semana com apresenta\u00e7\u00e3o de Priscila Costa. CNT Multi \u00e9 exibido somente no CNT play na parte superior da tela , na TV \u00e9 no canal 9.2 no estado do Rio de Janeiro, por ora o CNT Multi n\u00e3o est\u00e1 dispon\u00edvel no site. O jornal aborda temas com sa\u00fade , educa\u00e7\u00e3o e cidadania. O slogan do canal \u00e9 valoriza\u00e7\u00e3o da cidadania.<\/p>\n<p><strong>PS : Uma boa noite de sono ajuda sua sa\u00fade mental . janeiro branco\u00a0<\/strong><\/p>\n<p style=\"text-align: center;\">oferecimento<\/p>\n<p><img loading=\"lazy\" decoding=\"async\" class=\"aligncenter wp-image-7110\" src=\"http:\/\/allanproduz.com\/wp-content\/uploads\/2024\/07\/clouding.jpg\" alt=\"\" width=\"124\" height=\"124\" srcset=\"https:\/\/allanproduz.com\/wp-content\/uploads\/2024\/07\/clouding.jpg 225w, https:\/\/allanproduz.com\/wp-content\/uploads\/2024\/07\/clouding-150x150.jpg 150w\" sizes=\"auto, (max-width: 124px) 100vw, 124px\" \/><\/p>\n<p style=\"text-align: center;\"><strong>www.redecloudingtv.com.br<\/strong><\/p>\n","protected":false},"excerpt":{"rendered":"<p>O CNT multi Not\u00edcias \u00e9 exibido de segunda a domingo sempre, \u00e0s 22h .segunda a sexta tem dura\u00e7\u00e3o de 24 minutos , s\u00e1bado e domingo tamb\u00e9m com reprise dos maiores destaques da semana com apresenta\u00e7\u00e3o de Priscila Costa. CNT Multi \u00e9 exibido somente no CNT play na parte superior da tela , na TV \u00e9 &hellip;<\/p>\n","protected":false},"author":3,"featured_media":12774,"comment_status":"open","ping_status":"open","sticky":false,"template":"","format":"standard","meta":{"_joinchat":[],"footnotes":""},"categories":[1],"tags":[124,125,206,40,68],"class_list":["post-12850","post","type-post","status-publish","format-standard","has-post-thumbnail","hentry","category-sem-categoria","tag-janeiro-branco","tag-jornalismo","tag-noticias-da-televisao","tag-rede-cnt","tag-tv"],"aioseo_notices":[],"_links":{"self":[{"href":"https:\/\/allanproduz.com\/index.php?rest_route=\/wp\/v2\/posts\/12850","targetHints":{"allow":["GET"]}}],"collection":[{"href":"https:\/\/allanproduz.com\/index.php?rest_route=\/wp\/v2\/posts"}],"about":[{"href":"https:\/\/allanproduz.com\/index.php?rest_route=\/wp\/v2\/types\/post"}],"author":[{"embeddable":true,"href":"https:\/\/allanproduz.com\/index.php?rest_route=\/wp\/v2\/users\/3"}],"replies":[{"embeddable":true,"href":"https:\/\/allanproduz.com\/index.php?rest_route=%2Fwp%2Fv2%2Fcomments&post=12850"}],"version-history":[{"count":3,"href":"https:\/\/allanproduz.com\/index.php?rest_route=\/wp\/v2\/posts\/12850\/revisions"}],"predecessor-version":[{"id":12861,"href":"https:\/\/allanproduz.com\/index.php?rest_route=\/wp\/v2\/posts\/12850\/revisions\/12861"}],"wp:featuredmedia":[{"embeddable":true,"href":"https:\/\/allanproduz.com\/index.php?rest_route=\/wp\/v2\/media\/12774"}],"wp:attachment":[{"href":"https:\/\/allanproduz.com\/index.php?rest_route=%2Fwp%2Fv2%2Fmedia&parent=12850"}],"wp:term":[{"taxonomy":"category","embeddable":true,"href":"https:\/\/allanproduz.com\/index.php?rest_route=%2Fwp%2Fv2%2Fcategories&post=12850"},{"taxonomy":"post_tag","embeddable":true,"href":"https:\/\/allanproduz.com\/index.php?rest_route=%2Fwp%2Fv2%2Ftags&post=12850"}],"curies":[{"name":"wp","href":"https:\/\/api.w.org\/{rel}","templated":true}]}}