{"id":12299,"date":"2025-12-07T16:18:08","date_gmt":"2025-12-07T19:18:08","guid":{"rendered":"https:\/\/allanproduz.com\/?p=12299"},"modified":"2025-12-07T20:10:52","modified_gmt":"2025-12-07T23:10:52","slug":"fama-e-destaque-na-rede-ngt","status":"publish","type":"post","link":"https:\/\/allanproduz.com\/?p=12299","title":{"rendered":"Fama e Destaque na rede NGT"},"content":{"rendered":"<p>&nbsp;<\/p>\n<p style=\"text-align: center;\">Rio, domingo, 7 de dezembro de 2025<\/p>\n<div dir=\"auto\">Viviane Alves conhecida pelo p\u00fablico atrav\u00e9s do seu programa Fama &amp; Destaque que atualmente \u00e9 exibido \u00e0s ter\u00e7as a 13h30 pela RedeTV ES ( Esp\u00edrito Santo ), e nessa ultima sexta dia 05 de Dezembro teve a chance de testar um horario entre 13h e 14h, na rede NGT.<\/div>\n<div dir=\"auto\"><\/div>\n<div dir=\"auto\">O Programa tem tido muitas grava\u00e7\u00f5es com celebridades e locais que ressaltam muito S\u00e3o Paulo e cidades pr\u00f3ximas, como tamb\u00e9m a busca por conteudos no Rio.<\/div>\n<div dir=\"auto\"><\/div>\n<div dir=\"auto\">Fama e Destaque tem tudo para dar certo na NGT, que cada vez mais enxerga que conte\u00fados tanto para Homens como para mulheres, disputam audi\u00eancia qualificada.<\/div>\n<div dir=\"auto\"><\/div>\n<div dir=\"auto\">Nossa equipe teve acesso ao instagram das duas personalidades:<\/div>\n<div dir=\"auto\"><\/div>\n<div dir=\"auto\">Viviane Alves &#8211; Apresentadora -&gt; <a href=\"https:\/\/www.instagram.com\/vivianealvesof\">https:\/\/www.instagram.com\/vivianealvesof<\/a><\/div>\n<div dir=\"auto\"><\/div>\n<div dir=\"auto\">Raffa Rarbbie &#8211; Influenciadora e Cantora -&gt; <a href=\"https:\/\/www.instagram.com\/rarbbie\/\">https:\/\/www.instagram.com\/rarbbie\/<\/a><\/div>\n<div dir=\"auto\"><\/div>\n<div dir=\"auto\"><\/div>\n<div dir=\"auto\"><\/div>\n<div dir=\"auto\"><img loading=\"lazy\" decoding=\"async\" class=\"aligncenter size-medium wp-image-11833\" src=\"http:\/\/allanproduz.com\/wp-content\/uploads\/2025\/11\/574609811_122185817528494438_6660622893374790722_n2-300x300.jpg\" alt=\"\" width=\"300\" height=\"300\" srcset=\"https:\/\/allanproduz.com\/wp-content\/uploads\/2025\/11\/574609811_122185817528494438_6660622893374790722_n2-300x300.jpg 300w, https:\/\/allanproduz.com\/wp-content\/uploads\/2025\/11\/574609811_122185817528494438_6660622893374790722_n2-1024x1024.jpg 1024w, https:\/\/allanproduz.com\/wp-content\/uploads\/2025\/11\/574609811_122185817528494438_6660622893374790722_n2-150x150.jpg 150w, https:\/\/allanproduz.com\/wp-content\/uploads\/2025\/11\/574609811_122185817528494438_6660622893374790722_n2-768x768.jpg 768w, https:\/\/allanproduz.com\/wp-content\/uploads\/2025\/11\/574609811_122185817528494438_6660622893374790722_n2-1536x1536.jpg 1536w, https:\/\/allanproduz.com\/wp-content\/uploads\/2025\/11\/574609811_122185817528494438_6660622893374790722_n2.jpg 1800w\" sizes=\"auto, (max-width: 300px) 100vw, 300px\" \/><\/div>\n<div dir=\"auto\" style=\"text-align: center;\">OFERECIMENTO<\/div>\n<div dir=\"auto\"><img loading=\"lazy\" decoding=\"async\" class=\"aligncenter wp-image-12188\" src=\"http:\/\/allanproduz.com\/wp-content\/uploads\/2025\/11\/589954158_1376615624474953_7678488476458784365_n2-300x300.jpg\" alt=\"\" width=\"144\" height=\"144\" srcset=\"https:\/\/allanproduz.com\/wp-content\/uploads\/2025\/11\/589954158_1376615624474953_7678488476458784365_n2-300x300.jpg 300w, https:\/\/allanproduz.com\/wp-content\/uploads\/2025\/11\/589954158_1376615624474953_7678488476458784365_n2-1024x1024.jpg 1024w, https:\/\/allanproduz.com\/wp-content\/uploads\/2025\/11\/589954158_1376615624474953_7678488476458784365_n2-150x150.jpg 150w, https:\/\/allanproduz.com\/wp-content\/uploads\/2025\/11\/589954158_1376615624474953_7678488476458784365_n2-768x768.jpg 768w, https:\/\/allanproduz.com\/wp-content\/uploads\/2025\/11\/589954158_1376615624474953_7678488476458784365_n2.jpg 1080w\" sizes=\"auto, (max-width: 144px) 100vw, 144px\" \/><\/div>\n<div dir=\"auto\" style=\"text-align: center;\">https:\/\/youtu.be\/AXJnsxi-CuY?si=Hq0UxE-moJHs2PW_<\/div>\n<div dir=\"auto\"><\/div>\n","protected":false},"excerpt":{"rendered":"<p>&nbsp; Rio, domingo, 7 de dezembro de 2025 Viviane Alves conhecida pelo p\u00fablico atrav\u00e9s do seu programa Fama &amp; Destaque que atualmente \u00e9 exibido \u00e0s ter\u00e7as a 13h30 pela RedeTV ES ( Esp\u00edrito Santo ), e nessa ultima sexta dia 05 de Dezembro teve a chance de testar um horario entre 13h e 14h, na &hellip;<\/p>\n","protected":false},"author":3,"featured_media":12318,"comment_status":"open","ping_status":"open","sticky":false,"template":"","format":"standard","meta":{"_joinchat":[],"footnotes":""},"categories":[1],"tags":[95,125,206,63],"class_list":["post-12299","post","type-post","status-publish","format-standard","has-post-thumbnail","hentry","category-sem-categoria","tag-fim-de-ano","tag-jornalismo","tag-noticias-da-televisao","tag-rede-ngt"],"aioseo_notices":[],"_links":{"self":[{"href":"https:\/\/allanproduz.com\/index.php?rest_route=\/wp\/v2\/posts\/12299","targetHints":{"allow":["GET"]}}],"collection":[{"href":"https:\/\/allanproduz.com\/index.php?rest_route=\/wp\/v2\/posts"}],"about":[{"href":"https:\/\/allanproduz.com\/index.php?rest_route=\/wp\/v2\/types\/post"}],"author":[{"embeddable":true,"href":"https:\/\/allanproduz.com\/index.php?rest_route=\/wp\/v2\/users\/3"}],"replies":[{"embeddable":true,"href":"https:\/\/allanproduz.com\/index.php?rest_route=%2Fwp%2Fv2%2Fcomments&post=12299"}],"version-history":[{"count":5,"href":"https:\/\/allanproduz.com\/index.php?rest_route=\/wp\/v2\/posts\/12299\/revisions"}],"predecessor-version":[{"id":12325,"href":"https:\/\/allanproduz.com\/index.php?rest_route=\/wp\/v2\/posts\/12299\/revisions\/12325"}],"wp:featuredmedia":[{"embeddable":true,"href":"https:\/\/allanproduz.com\/index.php?rest_route=\/wp\/v2\/media\/12318"}],"wp:attachment":[{"href":"https:\/\/allanproduz.com\/index.php?rest_route=%2Fwp%2Fv2%2Fmedia&parent=12299"}],"wp:term":[{"taxonomy":"category","embeddable":true,"href":"https:\/\/allanproduz.com\/index.php?rest_route=%2Fwp%2Fv2%2Fcategories&post=12299"},{"taxonomy":"post_tag","embeddable":true,"href":"https:\/\/allanproduz.com\/index.php?rest_route=%2Fwp%2Fv2%2Ftags&post=12299"}],"curies":[{"name":"wp","href":"https:\/\/api.w.org\/{rel}","templated":true}]}}