{"id":11460,"date":"2025-10-11T17:59:30","date_gmt":"2025-10-11T20:59:30","guid":{"rendered":"https:\/\/allanproduz.com\/?p=11460"},"modified":"2025-10-11T17:59:30","modified_gmt":"2025-10-11T20:59:30","slug":"opcao-de-filme-na-rede-ngt","status":"publish","type":"post","link":"https:\/\/allanproduz.com\/?p=11460","title":{"rendered":"Op\u00e7\u00e3o de Filme na Rede NGT"},"content":{"rendered":"<p>&nbsp;<\/p>\n<p><img loading=\"lazy\" decoding=\"async\" class=\"aligncenter size-medium wp-image-11461\" src=\"http:\/\/allanproduz.com\/wp-content\/uploads\/2025\/10\/ligado-na-tela-300x192.jpg\" alt=\"\" width=\"300\" height=\"192\" srcset=\"https:\/\/allanproduz.com\/wp-content\/uploads\/2025\/10\/ligado-na-tela-300x192.jpg 300w, https:\/\/allanproduz.com\/wp-content\/uploads\/2025\/10\/ligado-na-tela-1024x655.jpg 1024w, https:\/\/allanproduz.com\/wp-content\/uploads\/2025\/10\/ligado-na-tela-768x492.jpg 768w, https:\/\/allanproduz.com\/wp-content\/uploads\/2025\/10\/ligado-na-tela.jpg 1200w\" sizes=\"auto, (max-width: 300px) 100vw, 300px\" \/><\/p>\n<p style=\"text-align: center;\">Rio,s\u00e1bado,11 de outubro de 2025<\/p>\n<p>V\u00e1rios canais de TV tem seu cronograma de filmes, para quem curte um filme em casa \u00e9 um prato cheio:<\/p>\n<p><img loading=\"lazy\" decoding=\"async\" class=\"aligncenter size-medium wp-image-8445\" src=\"http:\/\/allanproduz.com\/wp-content\/uploads\/2024\/12\/NGT-parada-300x169.png\" alt=\"\" width=\"300\" height=\"169\" srcset=\"https:\/\/allanproduz.com\/wp-content\/uploads\/2024\/12\/NGT-parada-300x169.png 300w, https:\/\/allanproduz.com\/wp-content\/uploads\/2024\/12\/NGT-parada-1024x576.png 1024w, https:\/\/allanproduz.com\/wp-content\/uploads\/2024\/12\/NGT-parada-768x432.png 768w, https:\/\/allanproduz.com\/wp-content\/uploads\/2024\/12\/NGT-parada-1536x864.png 1536w, https:\/\/allanproduz.com\/wp-content\/uploads\/2024\/12\/NGT-parada-390x220.png 390w, https:\/\/allanproduz.com\/wp-content\/uploads\/2024\/12\/NGT-parada.png 1920w\" sizes=\"auto, (max-width: 300px) 100vw, 300px\" \/><\/p>\n<p style=\"text-align: center;\"><em><strong>Rede NGT<\/strong><\/em><\/p>\n<p><strong>O \u00faltimo Guerreiro das Estrelas<\/strong> ,15h no canal 12,1 e 12,2 , aqui no Rio de Janeiro. Claro e NET pelo canal 17.1, SoulTV 148 e plo site ww,redengt.com.br, o canal n\u00e3o possui aplicativo. O filme \u00e9 de 1984 e tem um pouco de tudo com\u00e9dia,a\u00e7\u00e3o,infantil.fic\u00e7\u00e3o cient\u00edfica,fantasia,drama e \u00f3pera espacial.<\/p>\n<p>Depois de alcan\u00e7ar a pontua\u00e7\u00e3o m\u00e1xima do seu jogo de videogame favorito, o &#8220;Starfighter&#8221;, o adolescente Alex Rogan finalmente conhece o seu criador, Centauri, que revela que o jogo foi criado para treinar e recrutar pilotos para uma batalha espacial. Em um planeta alien\u00edgena distante, Alex tem dific<span class=\"yZlgBd\">uldades para usar suas habilidades de jogador de videogame em uma aventura real, especialmente quando vidas est\u00e3o em perigo.<\/span><\/p>\n<p>Curiosidade do filme<\/p>\n<p>Quem assistiu aprovou o filme e garantiu 89% de aprova\u00e7\u00e3o do p\u00fablico. Quem nunca viu e que pretende rever \u00e9 s\u00f3 ligar na tela da Rede NGT.<\/p>\n<p>Ofereciemntos<\/p>\n<p><img loading=\"lazy\" decoding=\"async\" class=\"aligncenter size-medium wp-image-11386\" src=\"http:\/\/allanproduz.com\/wp-content\/uploads\/2025\/10\/559733276_1940424089864862_7537115838695897983_n1-300x300.jpg\" alt=\"\" width=\"300\" height=\"300\" srcset=\"https:\/\/allanproduz.com\/wp-content\/uploads\/2025\/10\/559733276_1940424089864862_7537115838695897983_n1-300x300.jpg 300w, https:\/\/allanproduz.com\/wp-content\/uploads\/2025\/10\/559733276_1940424089864862_7537115838695897983_n1-150x150.jpg 150w, https:\/\/allanproduz.com\/wp-content\/uploads\/2025\/10\/559733276_1940424089864862_7537115838695897983_n1.jpg 526w\" sizes=\"auto, (max-width: 300px) 100vw, 300px\" \/><\/p>\n<p><img loading=\"lazy\" decoding=\"async\" class=\"aligncenter size-medium wp-image-10811\" src=\"http:\/\/allanproduz.com\/wp-content\/uploads\/2025\/09\/540535800_1910219616218643_6102754940450282637_n2-169x300.jpg\" alt=\"\" width=\"169\" height=\"300\" srcset=\"https:\/\/allanproduz.com\/wp-content\/uploads\/2025\/09\/540535800_1910219616218643_6102754940450282637_n2-169x300.jpg 169w, https:\/\/allanproduz.com\/wp-content\/uploads\/2025\/09\/540535800_1910219616218643_6102754940450282637_n2-576x1024.jpg 576w, https:\/\/allanproduz.com\/wp-content\/uploads\/2025\/09\/540535800_1910219616218643_6102754940450282637_n2-768x1365.jpg 768w, https:\/\/allanproduz.com\/wp-content\/uploads\/2025\/09\/540535800_1910219616218643_6102754940450282637_n2-864x1536.jpg 864w, https:\/\/allanproduz.com\/wp-content\/uploads\/2025\/09\/540535800_1910219616218643_6102754940450282637_n2.jpg 900w\" sizes=\"auto, (max-width: 169px) 100vw, 169px\" \/><\/p>\n<p><img loading=\"lazy\" decoding=\"async\" class=\"aligncenter size-medium wp-image-10940\" src=\"http:\/\/allanproduz.com\/wp-content\/uploads\/2025\/09\/545766053_1916436502263621_4580611874843114993_n1-300x300.jpg\" alt=\"\" width=\"300\" height=\"300\" srcset=\"https:\/\/allanproduz.com\/wp-content\/uploads\/2025\/09\/545766053_1916436502263621_4580611874843114993_n1-300x300.jpg 300w, https:\/\/allanproduz.com\/wp-content\/uploads\/2025\/09\/545766053_1916436502263621_4580611874843114993_n1-150x150.jpg 150w, https:\/\/allanproduz.com\/wp-content\/uploads\/2025\/09\/545766053_1916436502263621_4580611874843114993_n1.jpg 479w\" sizes=\"auto, (max-width: 300px) 100vw, 300px\" \/><\/p>\n<p>&nbsp;<\/p>\n","protected":false},"excerpt":{"rendered":"<p>&nbsp; Rio,s\u00e1bado,11 de outubro de 2025 V\u00e1rios canais de TV tem seu cronograma de filmes, para quem curte um filme em casa \u00e9 um prato cheio: Rede NGT O \u00faltimo Guerreiro das Estrelas ,15h no canal 12,1 e 12,2 , aqui no Rio de Janeiro. Claro e NET pelo canal 17.1, SoulTV 148 e plo &hellip;<\/p>\n","protected":false},"author":3,"featured_media":8445,"comment_status":"open","ping_status":"open","sticky":false,"template":"","format":"standard","meta":{"_joinchat":[],"footnotes":""},"categories":[189],"tags":[267,141,95,206,63,68],"class_list":["post-11460","post","type-post","status-publish","format-standard","has-post-thumbnail","hentry","category-cinema-na-tv","tag-domingo","tag-filme","tag-fim-de-ano","tag-noticias-da-televisao","tag-rede-ngt","tag-tv"],"aioseo_notices":[],"_links":{"self":[{"href":"https:\/\/allanproduz.com\/index.php?rest_route=\/wp\/v2\/posts\/11460","targetHints":{"allow":["GET"]}}],"collection":[{"href":"https:\/\/allanproduz.com\/index.php?rest_route=\/wp\/v2\/posts"}],"about":[{"href":"https:\/\/allanproduz.com\/index.php?rest_route=\/wp\/v2\/types\/post"}],"author":[{"embeddable":true,"href":"https:\/\/allanproduz.com\/index.php?rest_route=\/wp\/v2\/users\/3"}],"replies":[{"embeddable":true,"href":"https:\/\/allanproduz.com\/index.php?rest_route=%2Fwp%2Fv2%2Fcomments&post=11460"}],"version-history":[{"count":1,"href":"https:\/\/allanproduz.com\/index.php?rest_route=\/wp\/v2\/posts\/11460\/revisions"}],"predecessor-version":[{"id":11462,"href":"https:\/\/allanproduz.com\/index.php?rest_route=\/wp\/v2\/posts\/11460\/revisions\/11462"}],"wp:featuredmedia":[{"embeddable":true,"href":"https:\/\/allanproduz.com\/index.php?rest_route=\/wp\/v2\/media\/8445"}],"wp:attachment":[{"href":"https:\/\/allanproduz.com\/index.php?rest_route=%2Fwp%2Fv2%2Fmedia&parent=11460"}],"wp:term":[{"taxonomy":"category","embeddable":true,"href":"https:\/\/allanproduz.com\/index.php?rest_route=%2Fwp%2Fv2%2Fcategories&post=11460"},{"taxonomy":"post_tag","embeddable":true,"href":"https:\/\/allanproduz.com\/index.php?rest_route=%2Fwp%2Fv2%2Ftags&post=11460"}],"curies":[{"name":"wp","href":"https:\/\/api.w.org\/{rel}","templated":true}]}}