{"id":11184,"date":"2025-09-28T10:53:17","date_gmt":"2025-09-28T13:53:17","guid":{"rendered":"https:\/\/allanproduz.com\/?p=11184"},"modified":"2025-09-28T10:53:17","modified_gmt":"2025-09-28T13:53:17","slug":"filmes-da-tv-cultura-domingo-28-de-setembro","status":"publish","type":"post","link":"https:\/\/allanproduz.com\/?p=11184","title":{"rendered":"Filmes da TV Cultura , domingo , 28 de setembro"},"content":{"rendered":"<p><img loading=\"lazy\" decoding=\"async\" class=\"aligncenter size-medium wp-image-9388\" src=\"http:\/\/allanproduz.com\/wp-content\/uploads\/2025\/05\/TV-Cultura-Rio-1-300x169.jpg\" alt=\"\" width=\"300\" height=\"169\" srcset=\"https:\/\/allanproduz.com\/wp-content\/uploads\/2025\/05\/TV-Cultura-Rio-1-300x169.jpg 300w, https:\/\/allanproduz.com\/wp-content\/uploads\/2025\/05\/TV-Cultura-Rio-1-1024x576.jpg 1024w, https:\/\/allanproduz.com\/wp-content\/uploads\/2025\/05\/TV-Cultura-Rio-1-768x432.jpg 768w, https:\/\/allanproduz.com\/wp-content\/uploads\/2025\/05\/TV-Cultura-Rio-1-1536x864.jpg 1536w, https:\/\/allanproduz.com\/wp-content\/uploads\/2025\/05\/TV-Cultura-Rio-1-390x220.jpg 390w, https:\/\/allanproduz.com\/wp-content\/uploads\/2025\/05\/TV-Cultura-Rio-1.jpg 1920w\" sizes=\"auto, (max-width: 300px) 100vw, 300px\" \/><\/p>\n<p style=\"text-align: center;\">Rio, domingo , 28 de setembro de 2025<\/p>\n<p>22:00-\u00a0<strong> A Luta do S\u00e9culo<\/strong> , document\u00e1rio , 2016 , sobre a rivalidade no boxe brasileiro. O document\u00e1rio vai revelar os bastidores.<\/p>\n<p>04:30 &#8211;<strong> Piano e Ganz\u00e1 &#8211; O Mundo Musical de M\u00e1rio de Andrade<\/strong> , document\u00e1rio , 2000. O filme vai mostrar a rela\u00e7\u00e3o de M\u00e1rio de Andrade com a m\u00fasica.<\/p>\n<p>&nbsp;<\/p>\n<p style=\"text-align: center;\">OFERECIMENTO<\/p>\n<p><img loading=\"lazy\" decoding=\"async\" class=\"aligncenter size-medium wp-image-10811\" src=\"http:\/\/allanproduz.com\/wp-content\/uploads\/2025\/09\/540535800_1910219616218643_6102754940450282637_n2-169x300.jpg\" alt=\"\" width=\"169\" height=\"300\" srcset=\"https:\/\/allanproduz.com\/wp-content\/uploads\/2025\/09\/540535800_1910219616218643_6102754940450282637_n2-169x300.jpg 169w, https:\/\/allanproduz.com\/wp-content\/uploads\/2025\/09\/540535800_1910219616218643_6102754940450282637_n2-576x1024.jpg 576w, https:\/\/allanproduz.com\/wp-content\/uploads\/2025\/09\/540535800_1910219616218643_6102754940450282637_n2-768x1365.jpg 768w, https:\/\/allanproduz.com\/wp-content\/uploads\/2025\/09\/540535800_1910219616218643_6102754940450282637_n2-864x1536.jpg 864w, https:\/\/allanproduz.com\/wp-content\/uploads\/2025\/09\/540535800_1910219616218643_6102754940450282637_n2.jpg 900w\" sizes=\"auto, (max-width: 169px) 100vw, 169px\" \/><\/p>\n<p><img loading=\"lazy\" decoding=\"async\" class=\"aligncenter size-medium wp-image-10784\" src=\"http:\/\/allanproduz.com\/wp-content\/uploads\/2025\/09\/spx-clinica-spx-imagem-campanha-cores-de-setembro-300x109.jpg\" alt=\"\" width=\"300\" height=\"109\" srcset=\"https:\/\/allanproduz.com\/wp-content\/uploads\/2025\/09\/spx-clinica-spx-imagem-campanha-cores-de-setembro-300x109.jpg 300w, https:\/\/allanproduz.com\/wp-content\/uploads\/2025\/09\/spx-clinica-spx-imagem-campanha-cores-de-setembro-1024x373.jpg 1024w, https:\/\/allanproduz.com\/wp-content\/uploads\/2025\/09\/spx-clinica-spx-imagem-campanha-cores-de-setembro-768x280.jpg 768w, https:\/\/allanproduz.com\/wp-content\/uploads\/2025\/09\/spx-clinica-spx-imagem-campanha-cores-de-setembro.jpg 1290w\" sizes=\"auto, (max-width: 300px) 100vw, 300px\" \/><\/p>\n<div>\n<p>Setembro Amarelo alerta contra o suic\u00eddio<\/p>\n<p>setembro vermelho cuidados com o cora\u00e7\u00e3o<\/p>\n<p>Setembro Verde com Doa\u00e7\u00e3o de org\u00e3os<\/p>\n<p>Setembro Roxo com Fibrose c\u00edstica<\/p>\n<p>Setembro Dourado sobre c\u00e2ncer infanto-juvenil<\/p>\n<p>&nbsp;<\/p>\n<\/div>\n<p>&nbsp;<\/p>\n","protected":false},"excerpt":{"rendered":"<p>Rio, domingo , 28 de setembro de 2025 22:00-\u00a0 A Luta do S\u00e9culo , document\u00e1rio , 2016 , sobre a rivalidade no boxe brasileiro. O document\u00e1rio vai revelar os bastidores. 04:30 &#8211; Piano e Ganz\u00e1 &#8211; O Mundo Musical de M\u00e1rio de Andrade , document\u00e1rio , 2000. O filme vai mostrar a rela\u00e7\u00e3o de M\u00e1rio &hellip;<\/p>\n","protected":false},"author":3,"featured_media":1574,"comment_status":"open","ping_status":"open","sticky":false,"template":"","format":"standard","meta":{"_joinchat":[],"footnotes":""},"categories":[189],"tags":[141,70],"class_list":["post-11184","post","type-post","status-publish","format-standard","has-post-thumbnail","hentry","category-cinema-na-tv","tag-filme","tag-tv-cultura"],"aioseo_notices":[],"_links":{"self":[{"href":"https:\/\/allanproduz.com\/index.php?rest_route=\/wp\/v2\/posts\/11184","targetHints":{"allow":["GET"]}}],"collection":[{"href":"https:\/\/allanproduz.com\/index.php?rest_route=\/wp\/v2\/posts"}],"about":[{"href":"https:\/\/allanproduz.com\/index.php?rest_route=\/wp\/v2\/types\/post"}],"author":[{"embeddable":true,"href":"https:\/\/allanproduz.com\/index.php?rest_route=\/wp\/v2\/users\/3"}],"replies":[{"embeddable":true,"href":"https:\/\/allanproduz.com\/index.php?rest_route=%2Fwp%2Fv2%2Fcomments&post=11184"}],"version-history":[{"count":1,"href":"https:\/\/allanproduz.com\/index.php?rest_route=\/wp\/v2\/posts\/11184\/revisions"}],"predecessor-version":[{"id":11185,"href":"https:\/\/allanproduz.com\/index.php?rest_route=\/wp\/v2\/posts\/11184\/revisions\/11185"}],"wp:featuredmedia":[{"embeddable":true,"href":"https:\/\/allanproduz.com\/index.php?rest_route=\/wp\/v2\/media\/1574"}],"wp:attachment":[{"href":"https:\/\/allanproduz.com\/index.php?rest_route=%2Fwp%2Fv2%2Fmedia&parent=11184"}],"wp:term":[{"taxonomy":"category","embeddable":true,"href":"https:\/\/allanproduz.com\/index.php?rest_route=%2Fwp%2Fv2%2Fcategories&post=11184"},{"taxonomy":"post_tag","embeddable":true,"href":"https:\/\/allanproduz.com\/index.php?rest_route=%2Fwp%2Fv2%2Ftags&post=11184"}],"curies":[{"name":"wp","href":"https:\/\/api.w.org\/{rel}","templated":true}]}}