{"id":10430,"date":"2025-08-05T12:35:47","date_gmt":"2025-08-05T15:35:47","guid":{"rendered":"https:\/\/allanproduz.com\/?p=10430"},"modified":"2025-08-06T09:43:34","modified_gmt":"2025-08-06T12:43:34","slug":"lucas-tv-nao-acerto-grade-para-dia-dos-pais","status":"publish","type":"post","link":"https:\/\/allanproduz.com\/?p=10430","title":{"rendered":"Lucas TV n\u00e3o acertou grade do dia dos pais"},"content":{"rendered":"<p><img loading=\"lazy\" decoding=\"async\" class=\"aligncenter size-medium wp-image-7862\" src=\"http:\/\/allanproduz.com\/wp-content\/uploads\/2024\/10\/post-lucas-300x178.jpg\" alt=\"\" width=\"300\" height=\"178\" srcset=\"https:\/\/allanproduz.com\/wp-content\/uploads\/2024\/10\/post-lucas-300x178.jpg 300w, https:\/\/allanproduz.com\/wp-content\/uploads\/2024\/10\/post-lucas.jpg 640w\" sizes=\"auto, (max-width: 300px) 100vw, 300px\" \/><\/p>\n<p style=\"text-align: center;\">Rio de Janeiro , ter\u00e7a , 5 de agosto de 2025<\/p>\n<p>Lucas TV ainda n\u00e3o programou nenhum filme ou programa ligado ao dia dos pais , isso deve ocorrer em breve .<\/p>\n<p>O canal deve escalar algum filme dentro do sess\u00e3o de tarde entre s\u00e1bado e domingo.<\/p>\n<p>O canal voc\u00ea assiste no link na parte superior do site.<\/p>\n<p>&nbsp;<\/p>\n<p style=\"text-align: center;\">Oferecimento<\/p>\n<p style=\"text-align: center;\"><img loading=\"lazy\" decoding=\"async\" class=\"aligncenter size-medium wp-image-9907\" src=\"http:\/\/allanproduz.com\/wp-content\/uploads\/2025\/06\/512097852_1855680928339179_6526590947137638848_n-300x300.jpg\" alt=\"\" width=\"300\" height=\"300\" srcset=\"https:\/\/allanproduz.com\/wp-content\/uploads\/2025\/06\/512097852_1855680928339179_6526590947137638848_n-300x300.jpg 300w, https:\/\/allanproduz.com\/wp-content\/uploads\/2025\/06\/512097852_1855680928339179_6526590947137638848_n-150x150.jpg 150w, https:\/\/allanproduz.com\/wp-content\/uploads\/2025\/06\/512097852_1855680928339179_6526590947137638848_n.jpg 479w\" sizes=\"auto, (max-width: 300px) 100vw, 300px\" \/><\/p>\n","protected":false},"excerpt":{"rendered":"<p>Rio de Janeiro , ter\u00e7a , 5 de agosto de 2025 Lucas TV ainda n\u00e3o programou nenhum filme ou programa ligado ao dia dos pais , isso deve ocorrer em breve . O canal deve escalar algum filme dentro do sess\u00e3o de tarde entre s\u00e1bado e domingo. O canal voc\u00ea assiste no link na parte &hellip;<\/p>\n","protected":false},"author":3,"featured_media":7862,"comment_status":"open","ping_status":"open","sticky":false,"template":"","format":"standard","meta":{"_joinchat":[],"footnotes":""},"categories":[1015],"tags":[68,216],"class_list":["post-10430","post","type-post","status-publish","format-standard","has-post-thumbnail","hentry","category-acontece-na-webtv","tag-tv","tag-webtv"],"aioseo_notices":[],"_links":{"self":[{"href":"https:\/\/allanproduz.com\/index.php?rest_route=\/wp\/v2\/posts\/10430","targetHints":{"allow":["GET"]}}],"collection":[{"href":"https:\/\/allanproduz.com\/index.php?rest_route=\/wp\/v2\/posts"}],"about":[{"href":"https:\/\/allanproduz.com\/index.php?rest_route=\/wp\/v2\/types\/post"}],"author":[{"embeddable":true,"href":"https:\/\/allanproduz.com\/index.php?rest_route=\/wp\/v2\/users\/3"}],"replies":[{"embeddable":true,"href":"https:\/\/allanproduz.com\/index.php?rest_route=%2Fwp%2Fv2%2Fcomments&post=10430"}],"version-history":[{"count":2,"href":"https:\/\/allanproduz.com\/index.php?rest_route=\/wp\/v2\/posts\/10430\/revisions"}],"predecessor-version":[{"id":10440,"href":"https:\/\/allanproduz.com\/index.php?rest_route=\/wp\/v2\/posts\/10430\/revisions\/10440"}],"wp:featuredmedia":[{"embeddable":true,"href":"https:\/\/allanproduz.com\/index.php?rest_route=\/wp\/v2\/media\/7862"}],"wp:attachment":[{"href":"https:\/\/allanproduz.com\/index.php?rest_route=%2Fwp%2Fv2%2Fmedia&parent=10430"}],"wp:term":[{"taxonomy":"category","embeddable":true,"href":"https:\/\/allanproduz.com\/index.php?rest_route=%2Fwp%2Fv2%2Fcategories&post=10430"},{"taxonomy":"post_tag","embeddable":true,"href":"https:\/\/allanproduz.com\/index.php?rest_route=%2Fwp%2Fv2%2Ftags&post=10430"}],"curies":[{"name":"wp","href":"https:\/\/api.w.org\/{rel}","templated":true}]}}