{"id":10311,"date":"2025-07-27T09:46:22","date_gmt":"2025-07-27T12:46:22","guid":{"rendered":"https:\/\/allanproduz.com\/?p=10311"},"modified":"2025-07-27T09:46:22","modified_gmt":"2025-07-27T12:46:22","slug":"filmes-da-tv-brasil-deste-domingo","status":"publish","type":"post","link":"https:\/\/allanproduz.com\/?p=10311","title":{"rendered":"Filmes da TV brasil deste domingo"},"content":{"rendered":"<p><img loading=\"lazy\" decoding=\"async\" class=\"aligncenter size-medium wp-image-1741\" src=\"http:\/\/allanproduz.com\/wp-content\/uploads\/2023\/08\/364754735_277183911623091_7376862482960307466_n-300x166.jpg\" alt=\"\" width=\"300\" height=\"166\" srcset=\"https:\/\/allanproduz.com\/wp-content\/uploads\/2023\/08\/364754735_277183911623091_7376862482960307466_n-300x166.jpg 300w, https:\/\/allanproduz.com\/wp-content\/uploads\/2023\/08\/364754735_277183911623091_7376862482960307466_n-768x426.jpg 768w, https:\/\/allanproduz.com\/wp-content\/uploads\/2023\/08\/364754735_277183911623091_7376862482960307466_n.jpg 860w\" sizes=\"auto, (max-width: 300px) 100vw, 300px\" \/><\/p>\n<p style=\"text-align: center;\">Rio de Janeiro , domingo , 27 de julho de 2025<\/p>\n<p>Confira os filmes da <strong>TV Brasil<\/strong> neste domingo :<\/p>\n<p>14:30 &#8211; <strong>As Aventuras do Avi\u00e3o Vermelho<\/strong> , infantil<\/p>\n<p>Um livro sobre um piloto aventureiro inspira um menino de oito anos a embarcar em uma viagem fant\u00e1stica ao redor do mundo.<\/p>\n<p>16:00 &#8211; <strong>Alexandria<\/strong> , aventura , reprise , \u00e0s 2h45.<\/p>\n<p>Um escravo se converte ao cristianismo e se apaixona pela fil\u00f3sofa Hip\u00e1tia de Alexandria<\/p>\n<p>21:30 &#8211;<strong> Capit\u00e3es da Areia<\/strong> , aventura<\/p>\n<p>Pedro Bala, Professor, Gato, Sem Pernas e Boa Vida s\u00e3o adolescentes abandonados por suas fam\u00edlias, que crescem nas ruas de Salvador e vivem em comunidade no Trapiche. Eles praticam uma s\u00e9rie de assaltos e s\u00e3o constantemente perseguidos pela pol\u00edcia. Um dia, Professor conhece Dora e seu irm\u00e3o Z\u00e9 Fuinha e os leva at\u00e9 o Trapiche, o que desencadeia a excita\u00e7\u00e3o dos demais garotos, que n\u00e3o est\u00e3o acostumados \u00e0 presen\u00e7a de uma mulher no local. Aos poucos, nasce o afeto entre o l\u00edder do grupo e a jovem.<\/p>\n<p>&nbsp;<\/p>\n<p>23:30 &#8211;<strong> Lua Cambar\u00e1<\/strong> , drama<\/p>\n<p>Em meados do s\u00e9culo 19, o coronel Pedro Cambar\u00e1 estupra sua escrava, que d\u00e1 \u00e0 luz a uma menina em noite de lua cheia. Batizada de Lua, ela tem que lutar com as mesmas armas dos homens para conquistar seu lugar no mundo.<\/p>\n<p>TV Brasil Rio de Janeiro \u00e9 no canal 2.1 e tem o TV Brasil Play<\/p>\n<p>conhe\u00e7a um pouco mais a TV Brasil no <strong>www.tvbrasil.ebc.com.br<\/strong><\/p>\n<p><img loading=\"lazy\" decoding=\"async\" class=\"aligncenter size-medium wp-image-10208\" src=\"http:\/\/allanproduz.com\/wp-content\/uploads\/2025\/07\/519403110_1257880176348499_6630469478379576040_n2-300x300.jpg\" alt=\"\" width=\"300\" height=\"300\" srcset=\"https:\/\/allanproduz.com\/wp-content\/uploads\/2025\/07\/519403110_1257880176348499_6630469478379576040_n2-300x300.jpg 300w, https:\/\/allanproduz.com\/wp-content\/uploads\/2025\/07\/519403110_1257880176348499_6630469478379576040_n2-150x150.jpg 150w, https:\/\/allanproduz.com\/wp-content\/uploads\/2025\/07\/519403110_1257880176348499_6630469478379576040_n2.jpg 479w\" sizes=\"auto, (max-width: 300px) 100vw, 300px\" \/><\/p>\n<p style=\"text-align: center;\">Oferecimento<\/p>\n<p><img loading=\"lazy\" decoding=\"async\" class=\"aligncenter size-medium wp-image-9907\" src=\"http:\/\/allanproduz.com\/wp-content\/uploads\/2025\/06\/512097852_1855680928339179_6526590947137638848_n-300x300.jpg\" alt=\"\" width=\"300\" height=\"300\" srcset=\"https:\/\/allanproduz.com\/wp-content\/uploads\/2025\/06\/512097852_1855680928339179_6526590947137638848_n-300x300.jpg 300w, https:\/\/allanproduz.com\/wp-content\/uploads\/2025\/06\/512097852_1855680928339179_6526590947137638848_n-150x150.jpg 150w, https:\/\/allanproduz.com\/wp-content\/uploads\/2025\/06\/512097852_1855680928339179_6526590947137638848_n.jpg 479w\" sizes=\"auto, (max-width: 300px) 100vw, 300px\" \/><\/p>\n<p style=\"text-align: center;\">Instagram @sqqrockids<\/p>\n","protected":false},"excerpt":{"rendered":"<p>Rio de Janeiro , domingo , 27 de julho de 2025 Confira os filmes da TV Brasil neste domingo : 14:30 &#8211; As Aventuras do Avi\u00e3o Vermelho , infantil Um livro sobre um piloto aventureiro inspira um menino de oito anos a embarcar em uma viagem fant\u00e1stica ao redor do mundo. 16:00 &#8211; Alexandria , &hellip;<\/p>\n","protected":false},"author":3,"featured_media":1741,"comment_status":"open","ping_status":"open","sticky":false,"template":"","format":"standard","meta":{"_joinchat":[],"footnotes":""},"categories":[194],"tags":[303,1023],"class_list":["post-10311","post","type-post","status-publish","format-standard","has-post-thumbnail","hentry","category-acontece-na-tv-aberta","tag-filmes","tag-tvbrasil"],"aioseo_notices":[],"_links":{"self":[{"href":"https:\/\/allanproduz.com\/index.php?rest_route=\/wp\/v2\/posts\/10311","targetHints":{"allow":["GET"]}}],"collection":[{"href":"https:\/\/allanproduz.com\/index.php?rest_route=\/wp\/v2\/posts"}],"about":[{"href":"https:\/\/allanproduz.com\/index.php?rest_route=\/wp\/v2\/types\/post"}],"author":[{"embeddable":true,"href":"https:\/\/allanproduz.com\/index.php?rest_route=\/wp\/v2\/users\/3"}],"replies":[{"embeddable":true,"href":"https:\/\/allanproduz.com\/index.php?rest_route=%2Fwp%2Fv2%2Fcomments&post=10311"}],"version-history":[{"count":1,"href":"https:\/\/allanproduz.com\/index.php?rest_route=\/wp\/v2\/posts\/10311\/revisions"}],"predecessor-version":[{"id":10312,"href":"https:\/\/allanproduz.com\/index.php?rest_route=\/wp\/v2\/posts\/10311\/revisions\/10312"}],"wp:featuredmedia":[{"embeddable":true,"href":"https:\/\/allanproduz.com\/index.php?rest_route=\/wp\/v2\/media\/1741"}],"wp:attachment":[{"href":"https:\/\/allanproduz.com\/index.php?rest_route=%2Fwp%2Fv2%2Fmedia&parent=10311"}],"wp:term":[{"taxonomy":"category","embeddable":true,"href":"https:\/\/allanproduz.com\/index.php?rest_route=%2Fwp%2Fv2%2Fcategories&post=10311"},{"taxonomy":"post_tag","embeddable":true,"href":"https:\/\/allanproduz.com\/index.php?rest_route=%2Fwp%2Fv2%2Ftags&post=10311"}],"curies":[{"name":"wp","href":"https:\/\/api.w.org\/{rel}","templated":true}]}}